{"id":211,"date":"2008-03-23T19:23:10","date_gmt":"2008-03-23T17:23:10","guid":{"rendered":"http:\/\/www.inambiente.it\/inblog\/?p=211"},"modified":"2008-03-23T19:23:10","modified_gmt":"2008-03-23T17:23:10","slug":"mentre-oggi-festeggiamo-il-casatiello-day-ieri-si-celebrava-la-giornata-mondiale-dellacqua-ecco-le-impressioni","status":"publish","type":"post","link":"https:\/\/www.inambiente.it\/index.php\/2008\/03\/mentre-oggi-festeggiamo-il-casatiello-day-ieri-si-celebrava-la-giornata-mondiale-dellacqua-ecco-le-impressioni\/","title":{"rendered":"Mentre oggi festeggiamo il &quot;casatiello day&quot;, ieri si celebrava la giornata mondiale dell&#039;acqua. Ecco le impressioni."},"content":{"rendered":"<div id=\"ri_adv_end_content\"><script async src=\"\/\/pagead2.googlesyndication.com\/pagead\/js\/adsbygoogle.js\"><\/script>\r\n\t\t\t\t<!-- Appunti Ingegneria -->\r\n\t\t\t\t<ins class=\"adsbygoogle\"\r\n\t\t\t\t\t style=\"display:block\"\r\n\t\t\t\t\t data-ad-client=\"ca-pub-5194127282884067\"\r\n\t\t\t\t\t data-ad-slot=\"8299779634\"\r\n\t\t\t\t\t data-ad-format=\"auto\"><\/ins>\r\n\t\t\t\t<script>\r\n\t\t\t\t(adsbygoogle = window.adsbygoogle || []).push({});\r\n\t\t\t\t<\/script><\/div><p><img loading=\"lazy\" border=\"1\" vspace=\"5\" align=\"left\" width=\"240\" src=\"http:\/\/farm2.static.flickr.com\/1216\/1423196635_8dc0b9342b_m.jpg\" hspace=\"5\" alt=\"Acqua. Foto by Flickr\" height=\"165\" style=\"width: 240px; height: 165px\" title=\"Acqua. Foto by Flickr\" \/>Il 40% deella popolazione mondiale \u00e8 soggetta a rischi sanitari, un miliardo di persone non ha accesso all&#8217;acqua potabile e circa 30 paesi nelmondo fronteggiano una carenza delle risorse idriche. <!--HP-->Queste le prime cifre fornite dalla giornata mondiale dell&#8217;acqua celebrata ieri in tutto il mondo. Mentre oggi si festeggia la Pasqua, ieri si celebrava la risolsa naturale per eccelenza: l&#8217;acqua. Oltre ad una vera carenza natuale una delle principali cause di questi numeri ci interessa molto da vicino, si tratta di una reaale e problematica carenza strutturale.<\/p>\n<p>Il\u00c2\u00a0problema sono\u00c2\u00a0le reti idriche, che sono capaci di sorecare anche l&#8217;ottanta percento dell&#8217;acqua potabile che viene erogata. Se si considera che\u00c2\u00a0il fabbisogno idrico mondiale \u00e8 di 54,3 miliardi di metri\u00c2\u00a0cubi all&#8217;anno \u00e8 facile immaginare i numeri dello spreco generato dal pessimo stato delle reti di distribuzione. Inoltre, a fronte di questo fabbisogno, le risorse annue vengono stimate intorno ai 53 miliardi di metri cubi I(circa un miliardo in meno del fabbisogno).<\/p>\n<p>Oltre alle difficolt\u00e0 di approviggionamento che spesso di troviamo ad affrontare si pone l&#8217;attenzione anche sulla assoluta mancanza di servizi igienici per la maggiorparte delle popolazioni del sud del mondo. &#8220;Basterebbero piccoli accorgimenti per ridurre di molto i contagi di malattie come la dissenteria&#8221; ha affermato\u00c2\u00a0 Margaret Chan, direttore dell&#8217;Oms. &#8221;Scarsi servizi igienici &#8211; si legge nel messaggio del segretario generale dell&#8217;Onu, Ban Ki Moon &#8211; combinati con l&#8217;assenza di acqua potabile sicura e igiene inadeguata contribuiscono alle terribili perdite di vite umane&#8221;.<\/p>\n<p>Riportiamo un piccolo riassunto dei consumi idrici italiani (fonte ansa.)<\/p>\n<ul>\n<li>\u00c2\u0160\n<ul>\n<li>CONSUMI: Il consumo d&#8217;acqua nelle abitazioni e nelle citt\u00e0, spiega il Dossier Acque Wwf del 2007, incide soltanto per il 10% sul totale. In Italia all&#8217;agricoltura viene attribuito un 46% dei consumi, alle industrie manifatturiere il 17%, alla produzione idroelettrica il 19% e per le forniture pubbliche il 18%. L&#8217;innevamento toglie 90 milioni di metri cubi d&#8217;acqua l&#8217;anno;<\/li>\n<li>SPRECHI: in alcuni Ambiti Territoriali Ottimali (ATO), riferisce il dossier Wwf, le perdite sono superiori al 55% (una perdita fisiologica\u00c2\u00a0\u00e8 intorno ai 7-15%), con il caso limite dell&#8217;ATO di Avezzano in Abruzzo dove le perdite ufficiali sono pari al 77% dell&#8217;acqua immessa nelle reti;<\/li>\n<li>I RECORD IN ITALIA: secondo il rapporto di Legambiente &#8220;Ecosistema urbano 2007&#8221; il 90% dei comuni consuma tra i 100 e i 250 litri per abitante al giorno, mentre cinque citt\u00e0 consumano oltre 300 litri. Milano, con un consumo per abitante di circa 395 litri di acqua al giorno per abitante, registra il valore p\u00f9 alto d&#8217;Italia; a seguire troviamo Lecce (354 litri), Ragusa (335 litri), Frosinone (312 litri) e Padova (308 litri).<\/li>\n<li>ACQUA RUBATA: stime prudenti del Dossier Wwf indicano in circa 1,5 milioni di pozzi illegali, soprattutto nel centro sud. (ANSA).<\/li>\n<\/ul>\n<\/li>\n<\/ul>\n<p>\u00c2\u00a0Vogliamo ora introdurre un concetto molto importante per la determinazione corretta del consumo di acqua a livello globale: <strong>l&#8217;Indice di Acqua Virtuale<\/strong>.<\/p>\n<p>In pratica definisce il consumo di acqua al quale \u00e8 soggetta la produzione di un determinato alimento. Il primo ad introdurre il concetto di acqua virtuale \u00e8 stato \u00e8 il professor John Anthony Allan dal <em>King&#8217;s College<\/em> dell&#8217;Universit\u00e0 di Londra in Gran Bretagna consentendogli di vincere gli award del <a href=\"http:\/\/www.worldwatercouncil.org\/\"><font color=\"#4f5ea4\">World Water Council<\/font><\/a>.<\/p>\n<p>Infatti, non basta considerare l&#8217;effettivo consumo di acqua che si ha per farsi la doccia oppure per bere, ma bisogna anche considerare quanta acqua\u00c2\u00a0\u00e8 stata consumata per produrre la fettina di carne che mangiamo a pranzo. Per fare un esempio, l&#8217;indice di acqua virtuale del grano \u00e8 1000 perch\u00c3\u00a9 mille sono i litri di acqua che si consumano per produrrne un chilogrammo. Per la carne i numeri sono molto p\u00f9 alri, si stima infatti che per produrre un chilo di carne si consumi almeno 5000 litri di acqua (si arriva anche a 10000 litri). Come si nota, l&#8217;indice di acqua virtuale \u00e8 uno strumento molto importante per determinare l&#8217;effettivo contributo di una popolazione al consumo di acqua.<\/p>\n<p>Vi auguriamo una buona Pasqua.<\/p>\n","protected":false},"excerpt":{"rendered":"<p>Il 40% deella popolazione mondiale \u00e8 soggetta a rischi sanitari, un miliardo di persone non ha accesso all&#8217;acqua potabile e circa 30 paesi nelmondo fronteggiano una carenza delle risorse idriche. Queste le prime cifre fornite dalla giornata mondiale dell&#8217;acqua celebrata ieri in tutto il mondo. Mentre oggi si festeggia la Pasqua, ieri si celebrava la [&hellip;]<\/p>\n","protected":false},"author":24,"featured_media":0,"comment_status":"open","ping_status":"open","sticky":false,"template":"","format":"standard","meta":{"_links_to":"","_links_to_target":""},"categories":[1],"tags":[],"yoast_head":"<!-- This site is optimized with the Yoast SEO plugin v15.1.1 - https:\/\/yoast.com\/wordpress\/plugins\/seo\/ -->\r\n<meta name=\"robots\" content=\"index, follow, max-snippet:-1, max-image-preview:large, max-video-preview:-1\" \/>\r\n<link rel=\"canonical\" href=\"https:\/\/www.inambiente.it\/index.php\/2008\/03\/mentre-oggi-festeggiamo-il-casatiello-day-ieri-si-celebrava-la-giornata-mondiale-dellacqua-ecco-le-impressioni\/\" \/>\r\n<meta property=\"og:locale\" content=\"it_IT\" \/>\r\n<meta property=\"og:type\" content=\"article\" \/>\r\n<meta property=\"og:title\" content=\"Mentre oggi festeggiamo il &quot;casatiello day&quot;, ieri si celebrava la giornata mondiale dell&#039;acqua. Ecco le impressioni. - InAmbienTe\" \/>\r\n<meta property=\"og:description\" content=\"Il 40% deella popolazione mondiale \u00e8 soggetta a rischi sanitari, un miliardo di persone non ha accesso all&#8217;acqua potabile e circa 30 paesi nelmondo fronteggiano una carenza delle risorse idriche. Queste le prime cifre fornite dalla giornata mondiale dell&#8217;acqua celebrata ieri in tutto il mondo. Mentre oggi si festeggia la Pasqua, ieri si celebrava la [&hellip;]\" \/>\r\n<meta property=\"og:url\" content=\"https:\/\/www.inambiente.it\/index.php\/2008\/03\/mentre-oggi-festeggiamo-il-casatiello-day-ieri-si-celebrava-la-giornata-mondiale-dellacqua-ecco-le-impressioni\/\" \/>\r\n<meta property=\"og:site_name\" content=\"InAmbienTe\" \/>\r\n<meta property=\"article:publisher\" content=\"https:\/\/www.facebook.com\/inambiente\" \/>\r\n<meta property=\"article:published_time\" content=\"2008-03-23T17:23:10+00:00\" \/>\r\n<meta property=\"og:image\" content=\"http:\/\/farm2.static.flickr.com\/1216\/1423196635_8dc0b9342b_m.jpg\" \/>\r\n<meta name=\"twitter:card\" content=\"summary\" \/>\r\n<script type=\"application\/ld+json\" class=\"yoast-schema-graph\">{\"@context\":\"https:\/\/schema.org\",\"@graph\":[{\"@type\":\"WebSite\",\"@id\":\"https:\/\/www.inambiente.it\/#website\",\"url\":\"https:\/\/www.inambiente.it\/\",\"name\":\"InAmbienTe\",\"description\":\"Il Portale degli Studenti di Ingegneria\",\"potentialAction\":[{\"@type\":\"SearchAction\",\"target\":\"https:\/\/www.inambiente.it\/?s={search_term_string}\",\"query-input\":\"required name=search_term_string\"}],\"inLanguage\":\"it-IT\"},{\"@type\":\"ImageObject\",\"@id\":\"https:\/\/www.inambiente.it\/index.php\/2008\/03\/mentre-oggi-festeggiamo-il-casatiello-day-ieri-si-celebrava-la-giornata-mondiale-dellacqua-ecco-le-impressioni\/#primaryimage\",\"inLanguage\":\"it-IT\",\"url\":\"http:\/\/farm2.static.flickr.com\/1216\/1423196635_8dc0b9342b_m.jpg\"},{\"@type\":\"WebPage\",\"@id\":\"https:\/\/www.inambiente.it\/index.php\/2008\/03\/mentre-oggi-festeggiamo-il-casatiello-day-ieri-si-celebrava-la-giornata-mondiale-dellacqua-ecco-le-impressioni\/#webpage\",\"url\":\"https:\/\/www.inambiente.it\/index.php\/2008\/03\/mentre-oggi-festeggiamo-il-casatiello-day-ieri-si-celebrava-la-giornata-mondiale-dellacqua-ecco-le-impressioni\/\",\"name\":\"Mentre oggi festeggiamo il &quot;casatiello day&quot;, ieri si celebrava la giornata mondiale dell&#039;acqua. Ecco le impressioni. - InAmbienTe\",\"isPartOf\":{\"@id\":\"https:\/\/www.inambiente.it\/#website\"},\"primaryImageOfPage\":{\"@id\":\"https:\/\/www.inambiente.it\/index.php\/2008\/03\/mentre-oggi-festeggiamo-il-casatiello-day-ieri-si-celebrava-la-giornata-mondiale-dellacqua-ecco-le-impressioni\/#primaryimage\"},\"datePublished\":\"2008-03-23T17:23:10+00:00\",\"dateModified\":\"2008-03-23T17:23:10+00:00\",\"author\":{\"@id\":\"https:\/\/www.inambiente.it\/#\/schema\/person\/bf7848da8913bb9e7b9a040a14c8df85\"},\"inLanguage\":\"it-IT\",\"potentialAction\":[{\"@type\":\"ReadAction\",\"target\":[\"https:\/\/www.inambiente.it\/index.php\/2008\/03\/mentre-oggi-festeggiamo-il-casatiello-day-ieri-si-celebrava-la-giornata-mondiale-dellacqua-ecco-le-impressioni\/\"]}]},{\"@type\":\"Person\",\"@id\":\"https:\/\/www.inambiente.it\/#\/schema\/person\/bf7848da8913bb9e7b9a040a14c8df85\",\"name\":\"domdin\",\"image\":{\"@type\":\"ImageObject\",\"@id\":\"https:\/\/www.inambiente.it\/#personlogo\",\"inLanguage\":\"it-IT\",\"url\":\"https:\/\/secure.gravatar.com\/avatar\/18160cdd31d624be75915209b6e50fa2?s=96&d=mm&r=g\",\"caption\":\"domdin\"}}]}<\/script>\r\n<!-- \/ Yoast SEO plugin. -->","_links":{"self":[{"href":"https:\/\/www.inambiente.it\/index.php\/wp-json\/wp\/v2\/posts\/211"}],"collection":[{"href":"https:\/\/www.inambiente.it\/index.php\/wp-json\/wp\/v2\/posts"}],"about":[{"href":"https:\/\/www.inambiente.it\/index.php\/wp-json\/wp\/v2\/types\/post"}],"author":[{"embeddable":true,"href":"https:\/\/www.inambiente.it\/index.php\/wp-json\/wp\/v2\/users\/24"}],"replies":[{"embeddable":true,"href":"https:\/\/www.inambiente.it\/index.php\/wp-json\/wp\/v2\/comments?post=211"}],"version-history":[{"count":0,"href":"https:\/\/www.inambiente.it\/index.php\/wp-json\/wp\/v2\/posts\/211\/revisions"}],"wp:attachment":[{"href":"https:\/\/www.inambiente.it\/index.php\/wp-json\/wp\/v2\/media?parent=211"}],"wp:term":[{"taxonomy":"category","embeddable":true,"href":"https:\/\/www.inambiente.it\/index.php\/wp-json\/wp\/v2\/categories?post=211"},{"taxonomy":"post_tag","embeddable":true,"href":"https:\/\/www.inambiente.it\/index.php\/wp-json\/wp\/v2\/tags?post=211"}],"curies":[{"name":"wp","href":"https:\/\/api.w.org\/{rel}","templated":true}]}}