{"id":209,"date":"2008-03-18T17:13:18","date_gmt":"2008-03-18T15:13:18","guid":{"rendered":"http:\/\/www.inambiente.it\/inblog\/?p=209"},"modified":"2008-03-18T17:13:18","modified_gmt":"2008-03-18T15:13:18","slug":"ecocamp-a-bari-la-non-conferenza-sui-temi-ambientali","status":"publish","type":"post","link":"https:\/\/www.inambiente.it\/index.php\/2008\/03\/ecocamp-a-bari-la-non-conferenza-sui-temi-ambientali\/","title":{"rendered":"EcoCamp, a Bari la (non) conferenza sui temi ambientali."},"content":{"rendered":"<div id=\"ri_adv_end_content\"><script async src=\"\/\/pagead2.googlesyndication.com\/pagead\/js\/adsbygoogle.js\"><\/script>\r\n\t\t\t\t<!-- Appunti Ingegneria -->\r\n\t\t\t\t<ins class=\"adsbygoogle\"\r\n\t\t\t\t\t style=\"display:block\"\r\n\t\t\t\t\t data-ad-client=\"ca-pub-5194127282884067\"\r\n\t\t\t\t\t data-ad-slot=\"8299779634\"\r\n\t\t\t\t\t data-ad-format=\"auto\"><\/ins>\r\n\t\t\t\t<script>\r\n\t\t\t\t(adsbygoogle = window.adsbygoogle || []).push({});\r\n\t\t\t\t<\/script><\/div><p>Comunicato stampa<\/p>\n<blockquote><p><img loading=\"lazy\" border=\"1\" vspace=\"5\" align=\"right\" width=\"250\" src=\"http:\/\/barcamp.org\/f\/ecobadge1.png\" hspace=\"5\" alt=\"EcoCamp\" height=\"125\" style=\"width: 250px; height: 125px\" title=\"EcoCamp\" \/>Sabato 29 marzo, presso l&#8217;incubatore di impresa Believing Cube a Conversano, dalle 10:00 alle 17:00 si svolger\u00e0 <strong>ecoCamp<\/strong>,<br \/>\nEcoCamp \u00e8 una (non) conferenza, un evento in cui il contenuto delle sessioni verr\u00e0 deciso e proposto dai partecipanti il giorno stesso.<br \/>\nIn ecoCamp si parler\u00e0 di tematiche legate all&#8217;<strong>ambiente<\/strong>, l&#8217;<strong>ecologia<\/strong>, lo <strong>sviluppo sostenibile<\/strong> e il <strong>consumo critico<\/strong>.<!--HP--><br \/>\nL&#8217;evento \u00e8 stato proposto da Carmen Boscolo e da Julius D. Solaris, e prevede la partecipazione a numero chiuso di 100 persone. Per parteciparvi, basta iscriversi gratuitamente sul <a target=\"_blank\" href=\"http:\/\/barcamp.org\/ecoCamp\"><font color=\"#3f6e84\">sito ufficiale<\/font><\/a>.<br \/>\nL&#8217;icontro prevede varie sessioni di discussione che avranno luogo nelle diverse sale riunioni messe a disposizione dall&#8217;incubatore Believing.<br \/>\nI partecipanti promuoveranno e suggeriranno gli argomenti di discussione e parteciperanno attivamente alla creazione di un documento chiamato \u00e2\u20ac\u0153ecoCamp@World\u00e2\u20ac\u009d. Questo documento sar\u00e0 poi disponibile (per partecipanti e non) sul sito ufficiale della manifestazione.<br \/>\nChiunque potr\u00e0 prendere la parola per proporre un argomento, discutere, essere d&#8217;accordo o dissentire tutto in uno spirito collaborativo e con la decisione di voler realizzare un progetto.<br \/>\nTutte le informazioni necessarie le potete trovare in questo <a modo=\"false\" href=\"http:\/\/ec0c4mp.wordpress.com\/2008\/03\/17\/riassunto\/\"><font color=\"#3f6e84\">post riassuntivo<\/font><\/a> del blog ecocamp news.<br \/>\n<strong>Noi ci saremo.. e tu?<\/strong><\/p><\/blockquote>\n","protected":false},"excerpt":{"rendered":"<p>Comunicato stampa Sabato 29 marzo, presso l&#8217;incubatore di impresa Believing Cube a Conversano, dalle 10:00 alle 17:00 si svolger\u00e0 ecoCamp, EcoCamp \u00e8 una (non) conferenza, un evento in cui il contenuto delle sessioni verr\u00e0 deciso e proposto dai partecipanti il giorno stesso. In ecoCamp si parler\u00e0 di tematiche legate all&#8217;ambiente, l&#8217;ecologia, lo sviluppo sostenibile e [&hellip;]<\/p>\n","protected":false},"author":24,"featured_media":0,"comment_status":"open","ping_status":"open","sticky":false,"template":"","format":"standard","meta":{"_links_to":"","_links_to_target":""},"categories":[1],"tags":[],"yoast_head":"<!-- This site is optimized with the Yoast SEO plugin v15.1.1 - https:\/\/yoast.com\/wordpress\/plugins\/seo\/ -->\r\n<meta name=\"robots\" content=\"index, follow, max-snippet:-1, max-image-preview:large, max-video-preview:-1\" \/>\r\n<link rel=\"canonical\" href=\"https:\/\/www.inambiente.it\/index.php\/2008\/03\/ecocamp-a-bari-la-non-conferenza-sui-temi-ambientali\/\" \/>\r\n<meta property=\"og:locale\" content=\"it_IT\" \/>\r\n<meta property=\"og:type\" content=\"article\" \/>\r\n<meta property=\"og:title\" content=\"EcoCamp, a Bari la (non) conferenza sui temi ambientali. - InAmbienTe\" \/>\r\n<meta property=\"og:description\" content=\"Comunicato stampa Sabato 29 marzo, presso l&#8217;incubatore di impresa Believing Cube a Conversano, dalle 10:00 alle 17:00 si svolger\u00e0 ecoCamp, EcoCamp \u00e8 una (non) conferenza, un evento in cui il contenuto delle sessioni verr\u00e0 deciso e proposto dai partecipanti il giorno stesso. In ecoCamp si parler\u00e0 di tematiche legate all&#8217;ambiente, l&#8217;ecologia, lo sviluppo sostenibile e [&hellip;]\" \/>\r\n<meta property=\"og:url\" content=\"https:\/\/www.inambiente.it\/index.php\/2008\/03\/ecocamp-a-bari-la-non-conferenza-sui-temi-ambientali\/\" \/>\r\n<meta property=\"og:site_name\" content=\"InAmbienTe\" \/>\r\n<meta property=\"article:publisher\" content=\"https:\/\/www.facebook.com\/inambiente\" \/>\r\n<meta property=\"article:published_time\" content=\"2008-03-18T15:13:18+00:00\" \/>\r\n<meta property=\"og:image\" content=\"http:\/\/barcamp.org\/f\/ecobadge1.png\" \/>\r\n<meta name=\"twitter:card\" content=\"summary\" \/>\r\n<script type=\"application\/ld+json\" class=\"yoast-schema-graph\">{\"@context\":\"https:\/\/schema.org\",\"@graph\":[{\"@type\":\"WebSite\",\"@id\":\"https:\/\/www.inambiente.it\/#website\",\"url\":\"https:\/\/www.inambiente.it\/\",\"name\":\"InAmbienTe\",\"description\":\"Il Portale degli Studenti di Ingegneria\",\"potentialAction\":[{\"@type\":\"SearchAction\",\"target\":\"https:\/\/www.inambiente.it\/?s={search_term_string}\",\"query-input\":\"required name=search_term_string\"}],\"inLanguage\":\"it-IT\"},{\"@type\":\"ImageObject\",\"@id\":\"https:\/\/www.inambiente.it\/index.php\/2008\/03\/ecocamp-a-bari-la-non-conferenza-sui-temi-ambientali\/#primaryimage\",\"inLanguage\":\"it-IT\",\"url\":\"http:\/\/barcamp.org\/f\/ecobadge1.png\"},{\"@type\":\"WebPage\",\"@id\":\"https:\/\/www.inambiente.it\/index.php\/2008\/03\/ecocamp-a-bari-la-non-conferenza-sui-temi-ambientali\/#webpage\",\"url\":\"https:\/\/www.inambiente.it\/index.php\/2008\/03\/ecocamp-a-bari-la-non-conferenza-sui-temi-ambientali\/\",\"name\":\"EcoCamp, a Bari la (non) conferenza sui temi ambientali. - InAmbienTe\",\"isPartOf\":{\"@id\":\"https:\/\/www.inambiente.it\/#website\"},\"primaryImageOfPage\":{\"@id\":\"https:\/\/www.inambiente.it\/index.php\/2008\/03\/ecocamp-a-bari-la-non-conferenza-sui-temi-ambientali\/#primaryimage\"},\"datePublished\":\"2008-03-18T15:13:18+00:00\",\"dateModified\":\"2008-03-18T15:13:18+00:00\",\"author\":{\"@id\":\"https:\/\/www.inambiente.it\/#\/schema\/person\/bf7848da8913bb9e7b9a040a14c8df85\"},\"inLanguage\":\"it-IT\",\"potentialAction\":[{\"@type\":\"ReadAction\",\"target\":[\"https:\/\/www.inambiente.it\/index.php\/2008\/03\/ecocamp-a-bari-la-non-conferenza-sui-temi-ambientali\/\"]}]},{\"@type\":\"Person\",\"@id\":\"https:\/\/www.inambiente.it\/#\/schema\/person\/bf7848da8913bb9e7b9a040a14c8df85\",\"name\":\"domdin\",\"image\":{\"@type\":\"ImageObject\",\"@id\":\"https:\/\/www.inambiente.it\/#personlogo\",\"inLanguage\":\"it-IT\",\"url\":\"https:\/\/secure.gravatar.com\/avatar\/18160cdd31d624be75915209b6e50fa2?s=96&d=mm&r=g\",\"caption\":\"domdin\"}}]}<\/script>\r\n<!-- \/ Yoast SEO plugin. -->","_links":{"self":[{"href":"https:\/\/www.inambiente.it\/index.php\/wp-json\/wp\/v2\/posts\/209"}],"collection":[{"href":"https:\/\/www.inambiente.it\/index.php\/wp-json\/wp\/v2\/posts"}],"about":[{"href":"https:\/\/www.inambiente.it\/index.php\/wp-json\/wp\/v2\/types\/post"}],"author":[{"embeddable":true,"href":"https:\/\/www.inambiente.it\/index.php\/wp-json\/wp\/v2\/users\/24"}],"replies":[{"embeddable":true,"href":"https:\/\/www.inambiente.it\/index.php\/wp-json\/wp\/v2\/comments?post=209"}],"version-history":[{"count":0,"href":"https:\/\/www.inambiente.it\/index.php\/wp-json\/wp\/v2\/posts\/209\/revisions"}],"wp:attachment":[{"href":"https:\/\/www.inambiente.it\/index.php\/wp-json\/wp\/v2\/media?parent=209"}],"wp:term":[{"taxonomy":"category","embeddable":true,"href":"https:\/\/www.inambiente.it\/index.php\/wp-json\/wp\/v2\/categories?post=209"},{"taxonomy":"post_tag","embeddable":true,"href":"https:\/\/www.inambiente.it\/index.php\/wp-json\/wp\/v2\/tags?post=209"}],"curies":[{"name":"wp","href":"https:\/\/api.w.org\/{rel}","templated":true}]}}