{"id":204,"date":"2008-03-11T17:32:13","date_gmt":"2008-03-11T15:32:13","guid":{"rendered":"http:\/\/www.inambiente.it\/inblog\/?p=200"},"modified":"2008-03-11T17:32:13","modified_gmt":"2008-03-11T15:32:13","slug":"gravia-quando-la-gravita-fa-luce-un-concentrato-di-design-e-tecnologia-realizzato-dallarchitetto-statunitense-clay-moulton","status":"publish","type":"post","link":"https:\/\/www.inambiente.it\/index.php\/2008\/03\/gravia-quando-la-gravita-fa-luce-un-concentrato-di-design-e-tecnologia-realizzato-dallarchitetto-statunitense-clay-moulton\/","title":{"rendered":"Gravia: quando la gravit\u00e0 fa luce. Un concentrato di design e tecnologia realizzato dallo statunitense Clay Moulton."},"content":{"rendered":"<div id=\"ri_adv_end_content\"><script async src=\"\/\/pagead2.googlesyndication.com\/pagead\/js\/adsbygoogle.js\"><\/script>\r\n\t\t\t\t<!-- Appunti Ingegneria -->\r\n\t\t\t\t<ins class=\"adsbygoogle\"\r\n\t\t\t\t\t style=\"display:block\"\r\n\t\t\t\t\t data-ad-client=\"ca-pub-5194127282884067\"\r\n\t\t\t\t\t data-ad-slot=\"8299779634\"\r\n\t\t\t\t\t data-ad-format=\"auto\"><\/ins>\r\n\t\t\t\t<script>\r\n\t\t\t\t(adsbygoogle = window.adsbygoogle || []).push({});\r\n\t\t\t\t<\/script><\/div><p><img loading=\"lazy\" border=\"1\" vspace=\"5\" align=\"left\" width=\"267\" src=\"http:\/\/www.core77.com\/competitions\/greenergadgets\/projects\/4306\/greener_gadgets_01.jpg\" hspace=\"5\" alt=\"Gravia la lampada a gravit\u00e0.\" height=\"204\" style=\"width: 267px; height: 204px\" title=\"Gravia la lampada a gravit\u00e0.\" \/>Come al solito, purtroppo :-), le idee p\u00f9 innovative e p\u00f9 belle arrivano quandi si uniscono tecnologia ed architettura. Clay Moulton, a completamento di un Master in Scienza dell&#8217;Architettura, ha pensato bene di creare Gravia, una lampada che non solo fosse bella ma che fosse anche utile. Inoltre, proprio grazie a Gravia, il brillante Multon si \u00e8 anche piazzato al secondo posto della Greener Gadget Design Competition di New York.<!--hp--><\/p>\n<p>Per chi ama l&#8217;energia rinnovabile, Gravia \u00e8 una lampada che sfrutta la sola forza di gravit\u00e0. Niente corrente dalla rete elettrica, quindi, solo movimento trasformato in luce. Alta poco p\u00f9 di un metro,\u00c2\u00a0\u00e8\u00c2\u00a0una colonna di Acrilico\u00c2\u00a0che utilizza 10 potenti LED i quali vengono attivati alla lenta caduta di una massa collegata ad un rotore.\u00c2\u00a0Garantisce quattro ore di luce per una potenza di 40W.<\/p>\n<p>Secondo Moulton, Gravia garantirebbe luce per 200 anni, se utilizzata otto ore al giorno per tutto l&#8217;anno.<\/p>\n<p>Per maggiori informazioni: <a href=\"http:\/\/www.core77.com\/competitions\/greenergadgets\/projects\/4306\/\" title=\"Core 77\">Core77<\/a><\/p>\n","protected":false},"excerpt":{"rendered":"<p>Come al solito, purtroppo :-), le idee p\u00f9 innovative e p\u00f9 belle arrivano quandi si uniscono tecnologia ed architettura. Clay Moulton, a completamento di un Master in Scienza dell&#8217;Architettura, ha pensato bene di creare Gravia, una lampada che non solo fosse bella ma che fosse anche utile. Inoltre, proprio grazie a Gravia, il brillante Multon [&hellip;]<\/p>\n","protected":false},"author":24,"featured_media":0,"comment_status":"open","ping_status":"open","sticky":false,"template":"","format":"standard","meta":{"_links_to":"","_links_to_target":""},"categories":[1],"tags":[],"yoast_head":"<!-- This site is optimized with the Yoast SEO plugin v15.1.1 - https:\/\/yoast.com\/wordpress\/plugins\/seo\/ -->\r\n<meta name=\"robots\" content=\"index, follow, max-snippet:-1, max-image-preview:large, max-video-preview:-1\" \/>\r\n<link rel=\"canonical\" href=\"http:\/\/www.inambiente.it\/index.php\/2008\/03\/gravia-quando-la-gravita-fa-luce-un-concentrato-di-design-e-tecnologia-realizzato-dallarchitetto-statunitense-clay-moulton\/\" \/>\r\n<meta property=\"og:locale\" content=\"it_IT\" \/>\r\n<meta property=\"og:type\" content=\"article\" \/>\r\n<meta property=\"og:title\" content=\"Gravia: quando la gravit\u00e0 fa luce. Un concentrato di design e tecnologia realizzato dallo statunitense Clay Moulton. - InAmbienTe\" \/>\r\n<meta property=\"og:description\" content=\"Come al solito, purtroppo :-), le idee p\u00f9 innovative e p\u00f9 belle arrivano quandi si uniscono tecnologia ed architettura. Clay Moulton, a completamento di un Master in Scienza dell&#8217;Architettura, ha pensato bene di creare Gravia, una lampada che non solo fosse bella ma che fosse anche utile. Inoltre, proprio grazie a Gravia, il brillante Multon [&hellip;]\" \/>\r\n<meta property=\"og:url\" content=\"http:\/\/www.inambiente.it\/index.php\/2008\/03\/gravia-quando-la-gravita-fa-luce-un-concentrato-di-design-e-tecnologia-realizzato-dallarchitetto-statunitense-clay-moulton\/\" \/>\r\n<meta property=\"og:site_name\" content=\"InAmbienTe\" \/>\r\n<meta property=\"article:publisher\" content=\"https:\/\/www.facebook.com\/inambiente\" \/>\r\n<meta property=\"article:published_time\" content=\"2008-03-11T15:32:13+00:00\" \/>\r\n<meta property=\"og:image\" content=\"http:\/\/www.core77.com\/competitions\/greenergadgets\/projects\/4306\/greener_gadgets_01.jpg\" \/>\r\n<meta name=\"twitter:card\" content=\"summary\" \/>\r\n<script type=\"application\/ld+json\" class=\"yoast-schema-graph\">{\"@context\":\"https:\/\/schema.org\",\"@graph\":[{\"@type\":\"WebSite\",\"@id\":\"https:\/\/www.inambiente.it\/#website\",\"url\":\"https:\/\/www.inambiente.it\/\",\"name\":\"InAmbienTe\",\"description\":\"Il Portale degli Studenti di Ingegneria\",\"potentialAction\":[{\"@type\":\"SearchAction\",\"target\":\"https:\/\/www.inambiente.it\/?s={search_term_string}\",\"query-input\":\"required name=search_term_string\"}],\"inLanguage\":\"it-IT\"},{\"@type\":\"ImageObject\",\"@id\":\"http:\/\/www.inambiente.it\/index.php\/2008\/03\/gravia-quando-la-gravita-fa-luce-un-concentrato-di-design-e-tecnologia-realizzato-dallarchitetto-statunitense-clay-moulton\/#primaryimage\",\"inLanguage\":\"it-IT\",\"url\":\"http:\/\/www.core77.com\/competitions\/greenergadgets\/projects\/4306\/greener_gadgets_01.jpg\"},{\"@type\":\"WebPage\",\"@id\":\"http:\/\/www.inambiente.it\/index.php\/2008\/03\/gravia-quando-la-gravita-fa-luce-un-concentrato-di-design-e-tecnologia-realizzato-dallarchitetto-statunitense-clay-moulton\/#webpage\",\"url\":\"http:\/\/www.inambiente.it\/index.php\/2008\/03\/gravia-quando-la-gravita-fa-luce-un-concentrato-di-design-e-tecnologia-realizzato-dallarchitetto-statunitense-clay-moulton\/\",\"name\":\"Gravia: quando la gravit\\u00e0 fa luce. Un concentrato di design e tecnologia realizzato dallo statunitense Clay Moulton. - InAmbienTe\",\"isPartOf\":{\"@id\":\"https:\/\/www.inambiente.it\/#website\"},\"primaryImageOfPage\":{\"@id\":\"http:\/\/www.inambiente.it\/index.php\/2008\/03\/gravia-quando-la-gravita-fa-luce-un-concentrato-di-design-e-tecnologia-realizzato-dallarchitetto-statunitense-clay-moulton\/#primaryimage\"},\"datePublished\":\"2008-03-11T15:32:13+00:00\",\"dateModified\":\"2008-03-11T15:32:13+00:00\",\"author\":{\"@id\":\"https:\/\/www.inambiente.it\/#\/schema\/person\/bf7848da8913bb9e7b9a040a14c8df85\"},\"inLanguage\":\"it-IT\",\"potentialAction\":[{\"@type\":\"ReadAction\",\"target\":[\"http:\/\/www.inambiente.it\/index.php\/2008\/03\/gravia-quando-la-gravita-fa-luce-un-concentrato-di-design-e-tecnologia-realizzato-dallarchitetto-statunitense-clay-moulton\/\"]}]},{\"@type\":\"Person\",\"@id\":\"https:\/\/www.inambiente.it\/#\/schema\/person\/bf7848da8913bb9e7b9a040a14c8df85\",\"name\":\"domdin\",\"image\":{\"@type\":\"ImageObject\",\"@id\":\"https:\/\/www.inambiente.it\/#personlogo\",\"inLanguage\":\"it-IT\",\"url\":\"https:\/\/secure.gravatar.com\/avatar\/18160cdd31d624be75915209b6e50fa2?s=96&d=mm&r=g\",\"caption\":\"domdin\"}}]}<\/script>\r\n<!-- \/ Yoast SEO plugin. -->","_links":{"self":[{"href":"https:\/\/www.inambiente.it\/index.php\/wp-json\/wp\/v2\/posts\/204"}],"collection":[{"href":"https:\/\/www.inambiente.it\/index.php\/wp-json\/wp\/v2\/posts"}],"about":[{"href":"https:\/\/www.inambiente.it\/index.php\/wp-json\/wp\/v2\/types\/post"}],"author":[{"embeddable":true,"href":"https:\/\/www.inambiente.it\/index.php\/wp-json\/wp\/v2\/users\/24"}],"replies":[{"embeddable":true,"href":"https:\/\/www.inambiente.it\/index.php\/wp-json\/wp\/v2\/comments?post=204"}],"version-history":[{"count":0,"href":"https:\/\/www.inambiente.it\/index.php\/wp-json\/wp\/v2\/posts\/204\/revisions"}],"wp:attachment":[{"href":"https:\/\/www.inambiente.it\/index.php\/wp-json\/wp\/v2\/media?parent=204"}],"wp:term":[{"taxonomy":"category","embeddable":true,"href":"https:\/\/www.inambiente.it\/index.php\/wp-json\/wp\/v2\/categories?post=204"},{"taxonomy":"post_tag","embeddable":true,"href":"https:\/\/www.inambiente.it\/index.php\/wp-json\/wp\/v2\/tags?post=204"}],"curies":[{"name":"wp","href":"https:\/\/api.w.org\/{rel}","templated":true}]}}