{"id":202,"date":"2008-03-11T00:48:18","date_gmt":"2008-03-10T22:48:18","guid":{"rendered":"http:\/\/www.inambiente.it\/inblog\/?p=198"},"modified":"2008-03-11T00:48:18","modified_gmt":"2008-03-10T22:48:18","slug":"il-girone-delle-polveri-sottili-viaggio-nel-mondo-delle-nanoparticelle-tra-inquinamento-patologie-e-interessi-finanziari-il-nuovo-libro-di-stefano-montanari","status":"publish","type":"post","link":"https:\/\/www.inambiente.it\/index.php\/2008\/03\/il-girone-delle-polveri-sottili-viaggio-nel-mondo-delle-nanoparticelle-tra-inquinamento-patologie-e-interessi-finanziari-il-nuovo-libro-di-stefano-montanari\/","title":{"rendered":"&quot;Il Girone delle Polveri Sottili, Viaggio nel mondo delle Nanoparticelle tra inquinamento, patologie e interessi finanziari&quot;. Il nuovo libro di Stefano Montanari."},"content":{"rendered":"<div id=\"ri_adv_end_content\"><script async src=\"\/\/pagead2.googlesyndication.com\/pagead\/js\/adsbygoogle.js\"><\/script>\r\n\t\t\t\t<!-- Appunti Ingegneria -->\r\n\t\t\t\t<ins class=\"adsbygoogle\"\r\n\t\t\t\t\t style=\"display:block\"\r\n\t\t\t\t\t data-ad-client=\"ca-pub-5194127282884067\"\r\n\t\t\t\t\t data-ad-slot=\"8299779634\"\r\n\t\t\t\t\t data-ad-format=\"auto\"><\/ins>\r\n\t\t\t\t<script>\r\n\t\t\t\t(adsbygoogle = window.adsbygoogle || []).push({});\r\n\t\t\t\t<\/script><\/div><p>Lo abbiamo appena letto sul <a href=\"http:\/\/www.stefanomontanari.net\/index.php?option=com_content&amp;task=view&amp;id=522&amp;Itemid=1\" title=\"Il blog di Stefano Montanari\">blog<\/a> dell&#8217;autore, \u00e8 uscito il suo primo volume sul tema che egli stesso \u00e8 stato in grado di introdurre nelle nostre coscienze gi\u00e0 qualche tempo fa. Citiamo testualmente:<\/p>\n<blockquote><p>Esce oggi il mio libro \u00e2\u20ac\u0153Il Girone delle Polveri Sottili\u00e2\u20ac\u009d edito da Macro.<!--HP--><\/p>\n<p>Non ho idea di come lo si possa definire: un po&#8217; la storia della scoperta, un po&#8217; la divulgazione di ci\u00f2 che la scoperta significa, un po&#8217; i problemi che questa scoperta ha innescato a tutti i livelli, un po&#8217; lo scoperchiare qualche pentola non propriamente appetitosa. Io non mi sono annoiato a scriverlo e spero che non si annoier\u00e0 chi avr\u00e0 la pazienza di leggerlo. Una cosa \u00e8 certa: chi lo legger\u00e0 non mi tempester\u00e0 p\u00f9 con le stesse dieci domande.<\/p><\/blockquote>\n<p>Stringato e serio nel definire la propria scoperta uno &#8220;scoperchiare qualche pentola non appetitosa&#8221;. Forse, il nostro Farmacista, ha fatto anche di p\u00f9, ha iniziato un percorso formativo ed informativo che ci sta portando verso nuove tecnologie. Tutto nasce da una scoperta e, cos\u00c3\u00ac come per la questione diossina campana, il mondo accademico sembra ignorare questo importante segnale.<\/p>\n<blockquote><p>Il nostro corpo assorbe, dall&#8217;aria che respiriamo cos\u00c3\u00ac come dai cibi che ingeriamo, diverse tipologie di elementi, minuscole polveri che, riconosciute come estranee dal corpo, provocano reazioni infiammatorie importanti, talvolta origine di gravi patologie.<\/p><\/blockquote>\n<p align=\"center\"><img loading=\"lazy\" border=\"1\" vspace=\"5\" width=\"113\" src=\"http:\/\/www.macrolibrarsi.it\/cop\/girone-polveri.jpg\" hspace=\"5\" alt=\"Copertina del libero di Stefano Montanari\" height=\"160\" style=\"width: 113px; height: 160px\" title=\"Copertina del libero di Stefano Montanari\" \/>\u00c2\u00a0<\/p>\n<p>Per maggiori informazioni: <a href=\"http:\/\/www.macrolibrarsi.it\/libri\/__il_girone_delle_polveri.php\">http:\/\/www.macrolibrarsi.it\/libri\/__il_girone_delle_polveri.php<\/a><\/p>\n","protected":false},"excerpt":{"rendered":"<p>Lo abbiamo appena letto sul blog dell&#8217;autore, \u00e8 uscito il suo primo volume sul tema che egli stesso \u00e8 stato in grado di introdurre nelle nostre coscienze gi\u00e0 qualche tempo fa. Citiamo testualmente: Esce oggi il mio libro \u00e2\u20ac\u0153Il Girone delle Polveri Sottili\u00e2\u20ac\u009d edito da Macro. Non ho idea di come lo si possa definire: [&hellip;]<\/p>\n","protected":false},"author":24,"featured_media":0,"comment_status":"open","ping_status":"open","sticky":false,"template":"","format":"standard","meta":{"_links_to":"","_links_to_target":""},"categories":[1],"tags":[],"yoast_head":"<!-- This site is optimized with the Yoast SEO plugin v15.1.1 - https:\/\/yoast.com\/wordpress\/plugins\/seo\/ -->\r\n<meta name=\"robots\" content=\"index, follow, max-snippet:-1, max-image-preview:large, max-video-preview:-1\" \/>\r\n<link rel=\"canonical\" href=\"https:\/\/www.inambiente.it\/index.php\/2008\/03\/il-girone-delle-polveri-sottili-viaggio-nel-mondo-delle-nanoparticelle-tra-inquinamento-patologie-e-interessi-finanziari-il-nuovo-libro-di-stefano-montanari\/\" \/>\r\n<meta property=\"og:locale\" content=\"it_IT\" \/>\r\n<meta property=\"og:type\" content=\"article\" \/>\r\n<meta property=\"og:title\" content=\"&quot;Il Girone delle Polveri Sottili, Viaggio nel mondo delle Nanoparticelle tra inquinamento, patologie e interessi finanziari&quot;. Il nuovo libro di Stefano Montanari. - InAmbienTe\" \/>\r\n<meta property=\"og:description\" content=\"Lo abbiamo appena letto sul blog dell&#8217;autore, \u00e8 uscito il suo primo volume sul tema che egli stesso \u00e8 stato in grado di introdurre nelle nostre coscienze gi\u00e0 qualche tempo fa. Citiamo testualmente: Esce oggi il mio libro \u00e2\u20ac\u0153Il Girone delle Polveri Sottili\u00e2\u20ac\u009d edito da Macro. Non ho idea di come lo si possa definire: [&hellip;]\" \/>\r\n<meta property=\"og:url\" content=\"https:\/\/www.inambiente.it\/index.php\/2008\/03\/il-girone-delle-polveri-sottili-viaggio-nel-mondo-delle-nanoparticelle-tra-inquinamento-patologie-e-interessi-finanziari-il-nuovo-libro-di-stefano-montanari\/\" \/>\r\n<meta property=\"og:site_name\" content=\"InAmbienTe\" \/>\r\n<meta property=\"article:publisher\" content=\"https:\/\/www.facebook.com\/inambiente\" \/>\r\n<meta property=\"article:published_time\" content=\"2008-03-10T22:48:18+00:00\" \/>\r\n<meta property=\"og:image\" content=\"http:\/\/www.macrolibrarsi.it\/cop\/girone-polveri.jpg\" \/>\r\n<meta name=\"twitter:card\" content=\"summary\" \/>\r\n<script type=\"application\/ld+json\" class=\"yoast-schema-graph\">{\"@context\":\"https:\/\/schema.org\",\"@graph\":[{\"@type\":\"WebSite\",\"@id\":\"https:\/\/www.inambiente.it\/#website\",\"url\":\"https:\/\/www.inambiente.it\/\",\"name\":\"InAmbienTe\",\"description\":\"Il Portale degli Studenti di Ingegneria\",\"potentialAction\":[{\"@type\":\"SearchAction\",\"target\":\"https:\/\/www.inambiente.it\/?s={search_term_string}\",\"query-input\":\"required name=search_term_string\"}],\"inLanguage\":\"it-IT\"},{\"@type\":\"ImageObject\",\"@id\":\"https:\/\/www.inambiente.it\/index.php\/2008\/03\/il-girone-delle-polveri-sottili-viaggio-nel-mondo-delle-nanoparticelle-tra-inquinamento-patologie-e-interessi-finanziari-il-nuovo-libro-di-stefano-montanari\/#primaryimage\",\"inLanguage\":\"it-IT\",\"url\":\"http:\/\/www.macrolibrarsi.it\/cop\/girone-polveri.jpg\"},{\"@type\":\"WebPage\",\"@id\":\"https:\/\/www.inambiente.it\/index.php\/2008\/03\/il-girone-delle-polveri-sottili-viaggio-nel-mondo-delle-nanoparticelle-tra-inquinamento-patologie-e-interessi-finanziari-il-nuovo-libro-di-stefano-montanari\/#webpage\",\"url\":\"https:\/\/www.inambiente.it\/index.php\/2008\/03\/il-girone-delle-polveri-sottili-viaggio-nel-mondo-delle-nanoparticelle-tra-inquinamento-patologie-e-interessi-finanziari-il-nuovo-libro-di-stefano-montanari\/\",\"name\":\"&quot;Il Girone delle Polveri Sottili, Viaggio nel mondo delle Nanoparticelle tra inquinamento, patologie e interessi finanziari&quot;. Il nuovo libro di Stefano Montanari. - InAmbienTe\",\"isPartOf\":{\"@id\":\"https:\/\/www.inambiente.it\/#website\"},\"primaryImageOfPage\":{\"@id\":\"https:\/\/www.inambiente.it\/index.php\/2008\/03\/il-girone-delle-polveri-sottili-viaggio-nel-mondo-delle-nanoparticelle-tra-inquinamento-patologie-e-interessi-finanziari-il-nuovo-libro-di-stefano-montanari\/#primaryimage\"},\"datePublished\":\"2008-03-10T22:48:18+00:00\",\"dateModified\":\"2008-03-10T22:48:18+00:00\",\"author\":{\"@id\":\"https:\/\/www.inambiente.it\/#\/schema\/person\/bf7848da8913bb9e7b9a040a14c8df85\"},\"inLanguage\":\"it-IT\",\"potentialAction\":[{\"@type\":\"ReadAction\",\"target\":[\"https:\/\/www.inambiente.it\/index.php\/2008\/03\/il-girone-delle-polveri-sottili-viaggio-nel-mondo-delle-nanoparticelle-tra-inquinamento-patologie-e-interessi-finanziari-il-nuovo-libro-di-stefano-montanari\/\"]}]},{\"@type\":\"Person\",\"@id\":\"https:\/\/www.inambiente.it\/#\/schema\/person\/bf7848da8913bb9e7b9a040a14c8df85\",\"name\":\"domdin\",\"image\":{\"@type\":\"ImageObject\",\"@id\":\"https:\/\/www.inambiente.it\/#personlogo\",\"inLanguage\":\"it-IT\",\"url\":\"https:\/\/secure.gravatar.com\/avatar\/18160cdd31d624be75915209b6e50fa2?s=96&d=mm&r=g\",\"caption\":\"domdin\"}}]}<\/script>\r\n<!-- \/ Yoast SEO plugin. -->","_links":{"self":[{"href":"https:\/\/www.inambiente.it\/index.php\/wp-json\/wp\/v2\/posts\/202"}],"collection":[{"href":"https:\/\/www.inambiente.it\/index.php\/wp-json\/wp\/v2\/posts"}],"about":[{"href":"https:\/\/www.inambiente.it\/index.php\/wp-json\/wp\/v2\/types\/post"}],"author":[{"embeddable":true,"href":"https:\/\/www.inambiente.it\/index.php\/wp-json\/wp\/v2\/users\/24"}],"replies":[{"embeddable":true,"href":"https:\/\/www.inambiente.it\/index.php\/wp-json\/wp\/v2\/comments?post=202"}],"version-history":[{"count":0,"href":"https:\/\/www.inambiente.it\/index.php\/wp-json\/wp\/v2\/posts\/202\/revisions"}],"wp:attachment":[{"href":"https:\/\/www.inambiente.it\/index.php\/wp-json\/wp\/v2\/media?parent=202"}],"wp:term":[{"taxonomy":"category","embeddable":true,"href":"https:\/\/www.inambiente.it\/index.php\/wp-json\/wp\/v2\/categories?post=202"},{"taxonomy":"post_tag","embeddable":true,"href":"https:\/\/www.inambiente.it\/index.php\/wp-json\/wp\/v2\/tags?post=202"}],"curies":[{"name":"wp","href":"https:\/\/api.w.org\/{rel}","templated":true}]}}