{"id":201,"date":"2008-03-10T20:01:31","date_gmt":"2008-03-10T18:01:31","guid":{"rendered":"http:\/\/www.inambiente.it\/inblog\/?p=196"},"modified":"2008-03-10T20:01:31","modified_gmt":"2008-03-10T18:01:31","slug":"vita-da-astronauti-nelluniverso-radioattivo-quanto-ci-rimette-chi-viaggia-nello-spazio","status":"publish","type":"post","link":"https:\/\/www.inambiente.it\/index.php\/2008\/03\/vita-da-astronauti-nelluniverso-radioattivo-quanto-ci-rimette-chi-viaggia-nello-spazio\/","title":{"rendered":"Vita da astronauti nell&#039;universo radioattivo. Dalla Federico II uno studio su come proteggersi dalle radiazioni."},"content":{"rendered":"<div id=\"ri_adv_end_content\"><script async src=\"\/\/pagead2.googlesyndication.com\/pagead\/js\/adsbygoogle.js\"><\/script>\r\n\t\t\t\t<!-- Appunti Ingegneria -->\r\n\t\t\t\t<ins class=\"adsbygoogle\"\r\n\t\t\t\t\t style=\"display:block\"\r\n\t\t\t\t\t data-ad-client=\"ca-pub-5194127282884067\"\r\n\t\t\t\t\t data-ad-slot=\"8299779634\"\r\n\t\t\t\t\t data-ad-format=\"auto\"><\/ins>\r\n\t\t\t\t<script>\r\n\t\t\t\t(adsbygoogle = window.adsbygoogle || []).push({});\r\n\t\t\t\t<\/script><\/div><p>Uno studio del Prof. Giancarlo Giannella, dell&#8217;Universit\u00e0 degli Studi di Napoli Federico II, dal titolo <a target=\"_blank\" href=\"http:\/\/www.ricercaitaliana.it\/prin\/dettaglio_completo_prin-2004021217.htm\" title=\"Prin\">\u00e2\u20ac\u0153Frammentazione di ioni pesanti in adroterapia e radioprotezione nello spazio\u00e2\u20ac\u009d<\/a>, introduce il concetto di radioprotezione a favore di chi \u00e8 maggiormente esposto alle radiazioni del cosmo. Lo spunto ci viene da un bell&#8217;articolo appena letto su <a target=\"_blank\" href=\"http:\/\/www.ricercaitaliana.it\/\" title=\"ricerca Italiana\">ricercaitaliana.it<\/a>.<!--hp--><\/p>\n<p><img loading=\"lazy\" border=\"1\" vspace=\"5\" align=\"left\" width=\"200\" src=\"http:\/\/www.ricercaitaliana.it\/images\/sez\/raggi_cosmici_2_rev1.jpg\" hspace=\"5\" alt=\"La principale sorgente della radiazione di alta energia sono i raggi cosmici galattici, ma importanti contributi provengono anche dal vento solare (Fonte: ESA) \" height=\"200\" style=\"width: 200px; height: 200px\" title=\"La principale sorgente della radiazione di alta energia sono i raggi cosmici galattici, ma importanti contributi provengono anche dal vento solare (Fonte: ESA) \" \/>Nell&#8217;articolo si fa riferimento ai rischi connessi alle radiazioni solari, ai quali sono esposti gli astronauti e per i quali, solo ultimamente, si sta tendando di approcciare una qualche forma protettiva. Sembra assurdo ma gli astronauti, cos\u00c3\u00ac come i calzolai o i meccanici, hanno anche loro\u00c2\u00a0la malattia\u00c2\u00a0&#8220;professionale&#8221;, si tratta della cataratta, dovuta alla sovraesposizione agli ioni pesanti di alta energia presenti nella radiazione cosmica galattica. Il problema non si pone tanto quando si \u00e8 in missione in orbita terrestre bassa (iss) ma quando si \u00e8 in missione interplanetaria (Luna, Marte, ecc.).<\/p>\n<p>L&#8217;obbiettivo dello studio del Prof. Giancarlo Giannella, noto anche come &#8220;Prin&#8221; \u00e8 quello di cercare del modelli per la simulazione della frammentazione nucleare. Anche la Nasa \u00e8 interessata al progetto di ricerca napoletano. L&#8217;interesse, comunque, non \u00e8 solo spaziale. Infatti, una delle principali applicazioni dei fasci con ioni accelerati, si ha anche in campo medico nella terapia del cancro o adroterapia. Con questa metodologia, gli ioni pesanti cos\u00c3\u00ac pericolosi nello spazio vengono utilizzati per sterilizzare tumori con qualche vantaggio rispetto alla radioterapia tradizionale con elettroni e raggi X. I due campi di ricerca hanno molto in comune.<\/p>\n<p>Per maggiori informazioni: <a target=\"_blank\" href=\"http:\/\/www.ricercaitaliana.it\/prin\/dettaglio_completo_prin-2004021217.htm\" title=\"Prin\">\u00e2\u20ac\u0153Frammentazione di ioni pesanti in adroterapia e radioprotezione nello spazio\u00e2\u20ac\u009d<\/a><\/p>\n","protected":false},"excerpt":{"rendered":"<p>Uno studio del Prof. Giancarlo Giannella, dell&#8217;Universit\u00e0 degli Studi di Napoli Federico II, dal titolo \u00e2\u20ac\u0153Frammentazione di ioni pesanti in adroterapia e radioprotezione nello spazio\u00e2\u20ac\u009d, introduce il concetto di radioprotezione a favore di chi \u00e8 maggiormente esposto alle radiazioni del cosmo. Lo spunto ci viene da un bell&#8217;articolo appena letto su ricercaitaliana.it. Nell&#8217;articolo si fa [&hellip;]<\/p>\n","protected":false},"author":24,"featured_media":0,"comment_status":"open","ping_status":"open","sticky":false,"template":"","format":"standard","meta":{"_links_to":"","_links_to_target":""},"categories":[1],"tags":[],"yoast_head":"<!-- This site is optimized with the Yoast SEO plugin v15.1.1 - https:\/\/yoast.com\/wordpress\/plugins\/seo\/ -->\r\n<meta name=\"robots\" content=\"index, follow, max-snippet:-1, max-image-preview:large, max-video-preview:-1\" \/>\r\n<link rel=\"canonical\" href=\"https:\/\/www.inambiente.it\/index.php\/2008\/03\/vita-da-astronauti-nelluniverso-radioattivo-quanto-ci-rimette-chi-viaggia-nello-spazio\/\" \/>\r\n<meta property=\"og:locale\" content=\"it_IT\" \/>\r\n<meta property=\"og:type\" content=\"article\" \/>\r\n<meta property=\"og:title\" content=\"Vita da astronauti nell&#039;universo radioattivo. Dalla Federico II uno studio su come proteggersi dalle radiazioni. - InAmbienTe\" \/>\r\n<meta property=\"og:description\" content=\"Uno studio del Prof. Giancarlo Giannella, dell&#8217;Universit\u00e0 degli Studi di Napoli Federico II, dal titolo \u00e2\u20ac\u0153Frammentazione di ioni pesanti in adroterapia e radioprotezione nello spazio\u00e2\u20ac\u009d, introduce il concetto di radioprotezione a favore di chi \u00e8 maggiormente esposto alle radiazioni del cosmo. Lo spunto ci viene da un bell&#8217;articolo appena letto su ricercaitaliana.it. Nell&#8217;articolo si fa [&hellip;]\" \/>\r\n<meta property=\"og:url\" content=\"https:\/\/www.inambiente.it\/index.php\/2008\/03\/vita-da-astronauti-nelluniverso-radioattivo-quanto-ci-rimette-chi-viaggia-nello-spazio\/\" \/>\r\n<meta property=\"og:site_name\" content=\"InAmbienTe\" \/>\r\n<meta property=\"article:publisher\" content=\"https:\/\/www.facebook.com\/inambiente\" \/>\r\n<meta property=\"article:published_time\" content=\"2008-03-10T18:01:31+00:00\" \/>\r\n<meta property=\"og:image\" content=\"http:\/\/www.ricercaitaliana.it\/images\/sez\/raggi_cosmici_2_rev1.jpg\" \/>\r\n<meta name=\"twitter:card\" content=\"summary\" \/>\r\n<script type=\"application\/ld+json\" class=\"yoast-schema-graph\">{\"@context\":\"https:\/\/schema.org\",\"@graph\":[{\"@type\":\"WebSite\",\"@id\":\"https:\/\/www.inambiente.it\/#website\",\"url\":\"https:\/\/www.inambiente.it\/\",\"name\":\"InAmbienTe\",\"description\":\"Il Portale degli Studenti di Ingegneria\",\"potentialAction\":[{\"@type\":\"SearchAction\",\"target\":\"https:\/\/www.inambiente.it\/?s={search_term_string}\",\"query-input\":\"required name=search_term_string\"}],\"inLanguage\":\"it-IT\"},{\"@type\":\"ImageObject\",\"@id\":\"https:\/\/www.inambiente.it\/index.php\/2008\/03\/vita-da-astronauti-nelluniverso-radioattivo-quanto-ci-rimette-chi-viaggia-nello-spazio\/#primaryimage\",\"inLanguage\":\"it-IT\",\"url\":\"http:\/\/www.ricercaitaliana.it\/images\/sez\/raggi_cosmici_2_rev1.jpg\"},{\"@type\":\"WebPage\",\"@id\":\"https:\/\/www.inambiente.it\/index.php\/2008\/03\/vita-da-astronauti-nelluniverso-radioattivo-quanto-ci-rimette-chi-viaggia-nello-spazio\/#webpage\",\"url\":\"https:\/\/www.inambiente.it\/index.php\/2008\/03\/vita-da-astronauti-nelluniverso-radioattivo-quanto-ci-rimette-chi-viaggia-nello-spazio\/\",\"name\":\"Vita da astronauti nell&#039;universo radioattivo. Dalla Federico II uno studio su come proteggersi dalle radiazioni. - InAmbienTe\",\"isPartOf\":{\"@id\":\"https:\/\/www.inambiente.it\/#website\"},\"primaryImageOfPage\":{\"@id\":\"https:\/\/www.inambiente.it\/index.php\/2008\/03\/vita-da-astronauti-nelluniverso-radioattivo-quanto-ci-rimette-chi-viaggia-nello-spazio\/#primaryimage\"},\"datePublished\":\"2008-03-10T18:01:31+00:00\",\"dateModified\":\"2008-03-10T18:01:31+00:00\",\"author\":{\"@id\":\"https:\/\/www.inambiente.it\/#\/schema\/person\/bf7848da8913bb9e7b9a040a14c8df85\"},\"inLanguage\":\"it-IT\",\"potentialAction\":[{\"@type\":\"ReadAction\",\"target\":[\"https:\/\/www.inambiente.it\/index.php\/2008\/03\/vita-da-astronauti-nelluniverso-radioattivo-quanto-ci-rimette-chi-viaggia-nello-spazio\/\"]}]},{\"@type\":\"Person\",\"@id\":\"https:\/\/www.inambiente.it\/#\/schema\/person\/bf7848da8913bb9e7b9a040a14c8df85\",\"name\":\"domdin\",\"image\":{\"@type\":\"ImageObject\",\"@id\":\"https:\/\/www.inambiente.it\/#personlogo\",\"inLanguage\":\"it-IT\",\"url\":\"https:\/\/secure.gravatar.com\/avatar\/18160cdd31d624be75915209b6e50fa2?s=96&d=mm&r=g\",\"caption\":\"domdin\"}}]}<\/script>\r\n<!-- \/ Yoast SEO plugin. -->","_links":{"self":[{"href":"https:\/\/www.inambiente.it\/index.php\/wp-json\/wp\/v2\/posts\/201"}],"collection":[{"href":"https:\/\/www.inambiente.it\/index.php\/wp-json\/wp\/v2\/posts"}],"about":[{"href":"https:\/\/www.inambiente.it\/index.php\/wp-json\/wp\/v2\/types\/post"}],"author":[{"embeddable":true,"href":"https:\/\/www.inambiente.it\/index.php\/wp-json\/wp\/v2\/users\/24"}],"replies":[{"embeddable":true,"href":"https:\/\/www.inambiente.it\/index.php\/wp-json\/wp\/v2\/comments?post=201"}],"version-history":[{"count":0,"href":"https:\/\/www.inambiente.it\/index.php\/wp-json\/wp\/v2\/posts\/201\/revisions"}],"wp:attachment":[{"href":"https:\/\/www.inambiente.it\/index.php\/wp-json\/wp\/v2\/media?parent=201"}],"wp:term":[{"taxonomy":"category","embeddable":true,"href":"https:\/\/www.inambiente.it\/index.php\/wp-json\/wp\/v2\/categories?post=201"},{"taxonomy":"post_tag","embeddable":true,"href":"https:\/\/www.inambiente.it\/index.php\/wp-json\/wp\/v2\/tags?post=201"}],"curies":[{"name":"wp","href":"https:\/\/api.w.org\/{rel}","templated":true}]}}