{"id":190,"date":"2008-02-24T13:39:53","date_gmt":"2008-02-24T11:39:53","guid":{"rendered":"http:\/\/www.inambiente.it\/inblog\/?p=181"},"modified":"2008-02-24T13:39:53","modified_gmt":"2008-02-24T11:39:53","slug":"sei-gradi-in-piu-e-ritorniamo-al-cretaceo-apocalittico-scenario-di-una-escalescion-della-temperatura-terrestre","status":"publish","type":"post","link":"https:\/\/www.inambiente.it\/index.php\/2008\/02\/sei-gradi-in-piu-e-ritorniamo-al-cretaceo-apocalittico-scenario-di-una-escalescion-della-temperatura-terrestre\/","title":{"rendered":"Sei gradi in pi\u00f9 e ritorniamo al Cretaceo. Apocalittico scenario di una escalescion della temperatura terrestre."},"content":{"rendered":"<div id=\"ri_adv_end_content\"><script async src=\"\/\/pagead2.googlesyndication.com\/pagead\/js\/adsbygoogle.js\"><\/script>\r\n\t\t\t\t<!-- Appunti Ingegneria -->\r\n\t\t\t\t<ins class=\"adsbygoogle\"\r\n\t\t\t\t\t style=\"display:block\"\r\n\t\t\t\t\t data-ad-client=\"ca-pub-5194127282884067\"\r\n\t\t\t\t\t data-ad-slot=\"8299779634\"\r\n\t\t\t\t\t data-ad-format=\"auto\"><\/ins>\r\n\t\t\t\t<script>\r\n\t\t\t\t(adsbygoogle = window.adsbygoogle || []).push({});\r\n\t\t\t\t<\/script><\/div><p>Sono appena tornato da un viaggio nel mondo civilizzato della Svizzera, del quale far\u00f2 presto un resoconto,\u00c2\u00a0e dopo aver vissuto questa intensa esperienza mi rendo davvero conto che stiamo molto indietro&#8230; ma davvero molto. Dobbiamo riflettere su quello che siamo diventati piuttosto che rievocare quello che eravamo.<\/p>\n<p>Comunque, veniamo al nostro impegno divulgativo, ho trovato\u00c2\u00a0una interessante <a href=\"http:\/\/www.lifegate.it\/ambiente\/articolo.php?id_articolo=2444\" title=\"Sei gradi cambiano il mondo\">sintesi<\/a> degli effetti dell&#8217;incremento della temperatura terrestre e credo sia interessante condividere con voi alcune considerazioni.<!--HP--> Ecco un breve prospetto degli affetti grado per grado:<\/p>\n<blockquote><p><strong>1 grado. Niente p\u00f9 grano sul mercato mondiale.<br \/>\n2 gradi. Distruzione delle barriere coralline.<br \/>\n3 gradi. Continue tempeste di sabbia su Parigi.<br \/>\n4 gradi. New York sommersa dall&#8217;acqua<br \/>\n5 gradi. Lotta fra i superstiti dei disastri climatici.<br \/>\n6 gradi. Ritorno al periodo cretaceo<\/strong><\/p><\/blockquote>\n<p>Questo prospetto, che effettivamente fa venire i brividi, \u00e8 un&#8217;analisi frettolosa ma reale di quello che stiamo, lentamente, diventando a livello globale. Quando si pensa al grado centigrado in p\u00f9 si immagina che sia poca cosa, un grado in p\u00f9 o in meno non cambia nulla, ma in realt\u00e0, a livello globale cambia molto e lo si nota gi\u00e0 negli ultimi anni, dove gli eventi climatici di forte intensit\u00e0 sono aumentati vertiginosamente. Pensare a sei gradi in p\u00f9, quindi, significa davvero immaginare una terra diversa, una terra dove la vita, come la vediamo oggi, non \u00e8 senz&#8217;altro possibile.<\/p>\n<p>Il punto di non ritorno, quello che cambierebbe radicalmente la vita sulla terra, \u00e8 rapporesentato dall&#8217;incremento di tre gradi. Ad affermarlo sono gli scienziati che studiano questo tipo di fenomeno. Tre gradi in p\u00f9 porterebbero la foresta pluviale dell&#8217;Amazzonia a vivere numerosi cicli di siccit\u00e0 e, quindi, di incendi con la conseguente emissione di migliaia di tonnellate di anidride carbonica il ch\u00c3\u00a9 aumenterebbe ancora la temperatura terrestre. Non esisterebbe p\u00f9 il fenomeno &#8220;neve&#8221; e quasi sicuramente si formerebbero uragani di una nuova catyegoria: la sesta.<\/p>\n<p>Sempre secondo questi scienziati, nel 2035 non ci sarebbero p\u00f9 ghiacciai sull&#8217;Himalaya con la conseguenza che circa un miliardo di persone non avr\u00e0 p\u00f9 accesso all&#8217;acqua dolce. Per non parlare del livello del mare che innalzandosi sommergerebbe gran parte delle zone costiere, Italia compresa.<\/p>\n<p>\u00c2\u00a0Queste situazioni comporterebbero enormi esodi di profughi costretti ad andare altrove perch\u00c3\u00a9 le zone d&#8217;origine non saranno p\u00f9 abitabili con possibili conflitti e guerre che potranno solo aggravare la sitiuzione.<\/p>\n<p>Al sesto grado ritorneremo all&#8217;era del Cretaceo (144-65 milioni di anni fa). Gli oceani diventerebbero completamente blu perch\u00c3\u00a9 ormai privi dei nutrienti e i disastri ambientali sarebbero all&#8217;ordine del giorno.<\/p>\n<p>Insomma, scenario apocalittico che, se non ci muoviamo a ridimensionare le emissioni di gas serra, potrebbero figurarsi a noi molto presto.<\/p>\n","protected":false},"excerpt":{"rendered":"<p>Sono appena tornato da un viaggio nel mondo civilizzato della Svizzera, del quale far\u00f2 presto un resoconto,\u00c2\u00a0e dopo aver vissuto questa intensa esperienza mi rendo davvero conto che stiamo molto indietro&#8230; ma davvero molto. Dobbiamo riflettere su quello che siamo diventati piuttosto che rievocare quello che eravamo. Comunque, veniamo al nostro impegno divulgativo, ho trovato\u00c2\u00a0una [&hellip;]<\/p>\n","protected":false},"author":24,"featured_media":0,"comment_status":"open","ping_status":"open","sticky":false,"template":"","format":"standard","meta":{"_links_to":"","_links_to_target":""},"categories":[1],"tags":[],"yoast_head":"<!-- This site is optimized with the Yoast SEO plugin v15.1.1 - https:\/\/yoast.com\/wordpress\/plugins\/seo\/ -->\r\n<meta name=\"robots\" content=\"index, follow, max-snippet:-1, max-image-preview:large, max-video-preview:-1\" \/>\r\n<link rel=\"canonical\" href=\"http:\/\/www.inambiente.it\/index.php\/2008\/02\/sei-gradi-in-piu-e-ritorniamo-al-cretaceo-apocalittico-scenario-di-una-escalescion-della-temperatura-terrestre\/\" \/>\r\n<meta property=\"og:locale\" content=\"it_IT\" \/>\r\n<meta property=\"og:type\" content=\"article\" \/>\r\n<meta property=\"og:title\" content=\"Sei gradi in pi\u00f9 e ritorniamo al Cretaceo. Apocalittico scenario di una escalescion della temperatura terrestre. - InAmbienTe\" \/>\r\n<meta property=\"og:description\" content=\"Sono appena tornato da un viaggio nel mondo civilizzato della Svizzera, del quale far\u00f2 presto un resoconto,\u00c2\u00a0e dopo aver vissuto questa intensa esperienza mi rendo davvero conto che stiamo molto indietro&#8230; ma davvero molto. Dobbiamo riflettere su quello che siamo diventati piuttosto che rievocare quello che eravamo. Comunque, veniamo al nostro impegno divulgativo, ho trovato\u00c2\u00a0una [&hellip;]\" \/>\r\n<meta property=\"og:url\" content=\"http:\/\/www.inambiente.it\/index.php\/2008\/02\/sei-gradi-in-piu-e-ritorniamo-al-cretaceo-apocalittico-scenario-di-una-escalescion-della-temperatura-terrestre\/\" \/>\r\n<meta property=\"og:site_name\" content=\"InAmbienTe\" \/>\r\n<meta property=\"article:publisher\" content=\"https:\/\/www.facebook.com\/inambiente\" \/>\r\n<meta property=\"article:published_time\" content=\"2008-02-24T11:39:53+00:00\" \/>\r\n<meta name=\"twitter:card\" content=\"summary\" \/>\r\n<script type=\"application\/ld+json\" class=\"yoast-schema-graph\">{\"@context\":\"https:\/\/schema.org\",\"@graph\":[{\"@type\":\"WebSite\",\"@id\":\"https:\/\/www.inambiente.it\/#website\",\"url\":\"https:\/\/www.inambiente.it\/\",\"name\":\"InAmbienTe\",\"description\":\"Il Portale degli Studenti di Ingegneria\",\"potentialAction\":[{\"@type\":\"SearchAction\",\"target\":\"https:\/\/www.inambiente.it\/?s={search_term_string}\",\"query-input\":\"required name=search_term_string\"}],\"inLanguage\":\"it-IT\"},{\"@type\":\"WebPage\",\"@id\":\"http:\/\/www.inambiente.it\/index.php\/2008\/02\/sei-gradi-in-piu-e-ritorniamo-al-cretaceo-apocalittico-scenario-di-una-escalescion-della-temperatura-terrestre\/#webpage\",\"url\":\"http:\/\/www.inambiente.it\/index.php\/2008\/02\/sei-gradi-in-piu-e-ritorniamo-al-cretaceo-apocalittico-scenario-di-una-escalescion-della-temperatura-terrestre\/\",\"name\":\"Sei gradi in pi\\u00f9 e ritorniamo al Cretaceo. Apocalittico scenario di una escalescion della temperatura terrestre. - InAmbienTe\",\"isPartOf\":{\"@id\":\"https:\/\/www.inambiente.it\/#website\"},\"datePublished\":\"2008-02-24T11:39:53+00:00\",\"dateModified\":\"2008-02-24T11:39:53+00:00\",\"author\":{\"@id\":\"https:\/\/www.inambiente.it\/#\/schema\/person\/bf7848da8913bb9e7b9a040a14c8df85\"},\"inLanguage\":\"it-IT\",\"potentialAction\":[{\"@type\":\"ReadAction\",\"target\":[\"http:\/\/www.inambiente.it\/index.php\/2008\/02\/sei-gradi-in-piu-e-ritorniamo-al-cretaceo-apocalittico-scenario-di-una-escalescion-della-temperatura-terrestre\/\"]}]},{\"@type\":\"Person\",\"@id\":\"https:\/\/www.inambiente.it\/#\/schema\/person\/bf7848da8913bb9e7b9a040a14c8df85\",\"name\":\"domdin\",\"image\":{\"@type\":\"ImageObject\",\"@id\":\"https:\/\/www.inambiente.it\/#personlogo\",\"inLanguage\":\"it-IT\",\"url\":\"https:\/\/secure.gravatar.com\/avatar\/18160cdd31d624be75915209b6e50fa2?s=96&d=mm&r=g\",\"caption\":\"domdin\"}}]}<\/script>\r\n<!-- \/ Yoast SEO plugin. -->","_links":{"self":[{"href":"https:\/\/www.inambiente.it\/index.php\/wp-json\/wp\/v2\/posts\/190"}],"collection":[{"href":"https:\/\/www.inambiente.it\/index.php\/wp-json\/wp\/v2\/posts"}],"about":[{"href":"https:\/\/www.inambiente.it\/index.php\/wp-json\/wp\/v2\/types\/post"}],"author":[{"embeddable":true,"href":"https:\/\/www.inambiente.it\/index.php\/wp-json\/wp\/v2\/users\/24"}],"replies":[{"embeddable":true,"href":"https:\/\/www.inambiente.it\/index.php\/wp-json\/wp\/v2\/comments?post=190"}],"version-history":[{"count":0,"href":"https:\/\/www.inambiente.it\/index.php\/wp-json\/wp\/v2\/posts\/190\/revisions"}],"wp:attachment":[{"href":"https:\/\/www.inambiente.it\/index.php\/wp-json\/wp\/v2\/media?parent=190"}],"wp:term":[{"taxonomy":"category","embeddable":true,"href":"https:\/\/www.inambiente.it\/index.php\/wp-json\/wp\/v2\/categories?post=190"},{"taxonomy":"post_tag","embeddable":true,"href":"https:\/\/www.inambiente.it\/index.php\/wp-json\/wp\/v2\/tags?post=190"}],"curies":[{"name":"wp","href":"https:\/\/api.w.org\/{rel}","templated":true}]}}