{"id":189,"date":"2008-02-19T01:46:08","date_gmt":"2008-02-18T23:46:08","guid":{"rendered":"http:\/\/www.inambiente.it\/inblog\/?p=180"},"modified":"2008-02-19T01:46:08","modified_gmt":"2008-02-18T23:46:08","slug":"il-giorno-del-rifiuto-sabato-23-febbraio-a-piazza-dante-interverranno-beppe-grillo-e-franca-rame","status":"publish","type":"post","link":"https:\/\/www.inambiente.it\/index.php\/2008\/02\/il-giorno-del-rifiuto-sabato-23-febbraio-a-piazza-dante-interverranno-beppe-grillo-e-franca-rame\/","title":{"rendered":"Il giorno del rifiuto, Sabato 23 Febbraio a Piazza Dante. Interverranno anche Beppe Grillo e Franca Rame."},"content":{"rendered":"<div id=\"ri_adv_end_content\"><script async src=\"\/\/pagead2.googlesyndication.com\/pagead\/js\/adsbygoogle.js\"><\/script>\r\n\t\t\t\t<!-- Appunti Ingegneria -->\r\n\t\t\t\t<ins class=\"adsbygoogle\"\r\n\t\t\t\t\t style=\"display:block\"\r\n\t\t\t\t\t data-ad-client=\"ca-pub-5194127282884067\"\r\n\t\t\t\t\t data-ad-slot=\"8299779634\"\r\n\t\t\t\t\t data-ad-format=\"auto\"><\/ins>\r\n\t\t\t\t<script>\r\n\t\t\t\t(adsbygoogle = window.adsbygoogle || []).push({});\r\n\t\t\t\t<\/script><\/div><p>Non \u00e8 per simpatia o per amicizia, non lo facciamo nemmeno per tenere alta l&#8217;attenzione su questo tema, ma ci fa davvero piacere promuovere un evento che reputiamo essere importante per il nostro futuro. Sabato 23 Gennaio, a piazza Dante, non si parler\u00e0 della monnezza per strada ma si parler\u00e0 del nostro futuro e di come evitare che nei prossimi anni, fatta salva questa emergenza, si possa rimanifestare un tale spreco di energia. Promosso dagli amici di Beppe Grillo, in prima persona da <a href=\"http:\/\/beppegrillo.meetup.com\/10\/members\/2253066\/\">Marco Savarese<\/a>,\u00c2\u00a0<a href=\"http:\/\/beppegrillo.meetup.com\/10\/members\/2247783\/\">Roberto Fico<\/a>,\u00c2\u00a0e\u00c2\u00a0<a href=\"http:\/\/beppegrillo.meetup.com\/10\/members\/2568353\/\">Vittorio DiResta<\/a>, &#8220;il giorno del rifiuto&#8221; viene presentato come un evento storico per il popolo napoletano. Dalle 12,00 fino a mezzanotte, sul palco di una delle piazze simbolo di questa nostra terra che soffre, si alterneranno numerosi personaggi sia del mondo scientifico che del mondo dello spettacolo. Saranno presenti anche Beppe Grillo, Franca Rame e Padre Alex Zanottelli.<!--HP--><\/p>\n<p>L&#8217;iniziativa, organizzata senza sponsor, ha visto la partecipazione economica dei cittadini della Campania prima e dell&#8217;Italia poi che, con un contributo di un euro, hanno reso possibile la realizzazione di un evento senza precedenti. Oltre ai tre illustri nomi sopra citati, parteciperanno Maurizo Pallante, il Dott. Gentilini, Paul Connet, il Prof. Lucarelli, il dott. Comella, il dott. Marfella, il prof. Ortolani, il prof. De Medici, Alessandro Iacuelli. Per il mondo dello spettaccolo ci sarannp Edoardo Bennato, Enzo Gragnaniello, Tony Cercola, Sas\u00e0 Mendoza and quartet jazz, Spakka-Neapolis 55, Nello Daniele, Polo La Famiglia, Capone &amp; Bungt Bangt, Enzo La Gatta e le nuove nacchere rosse, Giovanni Block e Masnada, Antonio Diana, Peter&#8217;s Gospel Choir, Anna Troise, Zorama ed Impact.<\/p>\n<p>&#8220;Questo evento ci deve dare soprattutto <strong>speranza<\/strong>, quella speranza che politici, cammorristi imprenditori corrotti hanno cercato cos\u00c3\u00ac fortemente di toglierci. Fortunatamente gli \u00e8 andata male, ma proprio male!&#8221;. Cos\u00c3\u00ac si esprimono gli organizzatori nel promuovere l&#8217;evento, i quali aggiungono che &#8220;la citt\u00e0 di Napoli \u00e8 pronta a riprendersi la speranza che gli appartine, la sua intelligenza, la sua cultura e soprattutto la sua umanit\u00e0. Se le persone sono unite nella loro passione, forza e fiducia non c&#8217;\u00e8 politico o ostacolo che le possa fermare.&#8221;<\/p>\n<p>In rete c&#8217;\u00e8 anche un simpaticissimo <a href=\"http:\/\/it.youtube.com\/watch?v=ARj719trTho\" title=\"Il giorno del rifiuto - Amici di Beppe Grillo - Napoli\">spot<\/a> che vale davvero la pena guardare. Devo dire che le cose sono organizzate davvero bene e la caratura sia degli ospiti che degli artisti che parteciperanno all&#8217;evento fa pensare ad un pomeriggio davvero interessante. Proprio il giusto scenario per dare una svolta a questa nostra assurda situazione. Purtroppo non c&#8217;\u00e8 giorno che guardandomi intorno ed ascoltando le notizie sia in radio che in tivv\u00c3\u00b9 non mi venga un colpo allo stomaco. Cosa ci facciamo in questa situazione noi? Tutti in piazza sabato&#8230; mi raccomando.<\/p>\n<p>Uleriori informazioni: <a rel=\"nofollow\" href=\"http:\/\/www.ilgiornodelrifiuto.org\/\"><font color=\"#3366cc\">Il giorno del rifiuto<\/font><\/a><\/p>\n","protected":false},"excerpt":{"rendered":"<p>Non \u00e8 per simpatia o per amicizia, non lo facciamo nemmeno per tenere alta l&#8217;attenzione su questo tema, ma ci fa davvero piacere promuovere un evento che reputiamo essere importante per il nostro futuro. Sabato 23 Gennaio, a piazza Dante, non si parler\u00e0 della monnezza per strada ma si parler\u00e0 del nostro futuro e di [&hellip;]<\/p>\n","protected":false},"author":24,"featured_media":0,"comment_status":"open","ping_status":"open","sticky":false,"template":"","format":"standard","meta":{"_links_to":"","_links_to_target":""},"categories":[1],"tags":[],"yoast_head":"<!-- This site is optimized with the Yoast SEO plugin v15.1.1 - https:\/\/yoast.com\/wordpress\/plugins\/seo\/ -->\r\n<meta name=\"robots\" content=\"index, follow, max-snippet:-1, max-image-preview:large, max-video-preview:-1\" \/>\r\n<link rel=\"canonical\" href=\"http:\/\/www.inambiente.it\/index.php\/2008\/02\/il-giorno-del-rifiuto-sabato-23-febbraio-a-piazza-dante-interverranno-beppe-grillo-e-franca-rame\/\" \/>\r\n<meta property=\"og:locale\" content=\"it_IT\" \/>\r\n<meta property=\"og:type\" content=\"article\" \/>\r\n<meta property=\"og:title\" content=\"Il giorno del rifiuto, Sabato 23 Febbraio a Piazza Dante. Interverranno anche Beppe Grillo e Franca Rame. - InAmbienTe\" \/>\r\n<meta property=\"og:description\" content=\"Non \u00e8 per simpatia o per amicizia, non lo facciamo nemmeno per tenere alta l&#8217;attenzione su questo tema, ma ci fa davvero piacere promuovere un evento che reputiamo essere importante per il nostro futuro. Sabato 23 Gennaio, a piazza Dante, non si parler\u00e0 della monnezza per strada ma si parler\u00e0 del nostro futuro e di [&hellip;]\" \/>\r\n<meta property=\"og:url\" content=\"http:\/\/www.inambiente.it\/index.php\/2008\/02\/il-giorno-del-rifiuto-sabato-23-febbraio-a-piazza-dante-interverranno-beppe-grillo-e-franca-rame\/\" \/>\r\n<meta property=\"og:site_name\" content=\"InAmbienTe\" \/>\r\n<meta property=\"article:publisher\" content=\"https:\/\/www.facebook.com\/inambiente\" \/>\r\n<meta property=\"article:published_time\" content=\"2008-02-18T23:46:08+00:00\" \/>\r\n<meta name=\"twitter:card\" content=\"summary\" \/>\r\n<script type=\"application\/ld+json\" class=\"yoast-schema-graph\">{\"@context\":\"https:\/\/schema.org\",\"@graph\":[{\"@type\":\"WebSite\",\"@id\":\"https:\/\/www.inambiente.it\/#website\",\"url\":\"https:\/\/www.inambiente.it\/\",\"name\":\"InAmbienTe\",\"description\":\"Il Portale degli Studenti di Ingegneria\",\"potentialAction\":[{\"@type\":\"SearchAction\",\"target\":\"https:\/\/www.inambiente.it\/?s={search_term_string}\",\"query-input\":\"required name=search_term_string\"}],\"inLanguage\":\"it-IT\"},{\"@type\":\"WebPage\",\"@id\":\"http:\/\/www.inambiente.it\/index.php\/2008\/02\/il-giorno-del-rifiuto-sabato-23-febbraio-a-piazza-dante-interverranno-beppe-grillo-e-franca-rame\/#webpage\",\"url\":\"http:\/\/www.inambiente.it\/index.php\/2008\/02\/il-giorno-del-rifiuto-sabato-23-febbraio-a-piazza-dante-interverranno-beppe-grillo-e-franca-rame\/\",\"name\":\"Il giorno del rifiuto, Sabato 23 Febbraio a Piazza Dante. Interverranno anche Beppe Grillo e Franca Rame. - InAmbienTe\",\"isPartOf\":{\"@id\":\"https:\/\/www.inambiente.it\/#website\"},\"datePublished\":\"2008-02-18T23:46:08+00:00\",\"dateModified\":\"2008-02-18T23:46:08+00:00\",\"author\":{\"@id\":\"https:\/\/www.inambiente.it\/#\/schema\/person\/bf7848da8913bb9e7b9a040a14c8df85\"},\"inLanguage\":\"it-IT\",\"potentialAction\":[{\"@type\":\"ReadAction\",\"target\":[\"http:\/\/www.inambiente.it\/index.php\/2008\/02\/il-giorno-del-rifiuto-sabato-23-febbraio-a-piazza-dante-interverranno-beppe-grillo-e-franca-rame\/\"]}]},{\"@type\":\"Person\",\"@id\":\"https:\/\/www.inambiente.it\/#\/schema\/person\/bf7848da8913bb9e7b9a040a14c8df85\",\"name\":\"domdin\",\"image\":{\"@type\":\"ImageObject\",\"@id\":\"https:\/\/www.inambiente.it\/#personlogo\",\"inLanguage\":\"it-IT\",\"url\":\"https:\/\/secure.gravatar.com\/avatar\/18160cdd31d624be75915209b6e50fa2?s=96&d=mm&r=g\",\"caption\":\"domdin\"}}]}<\/script>\r\n<!-- \/ Yoast SEO plugin. -->","_links":{"self":[{"href":"https:\/\/www.inambiente.it\/index.php\/wp-json\/wp\/v2\/posts\/189"}],"collection":[{"href":"https:\/\/www.inambiente.it\/index.php\/wp-json\/wp\/v2\/posts"}],"about":[{"href":"https:\/\/www.inambiente.it\/index.php\/wp-json\/wp\/v2\/types\/post"}],"author":[{"embeddable":true,"href":"https:\/\/www.inambiente.it\/index.php\/wp-json\/wp\/v2\/users\/24"}],"replies":[{"embeddable":true,"href":"https:\/\/www.inambiente.it\/index.php\/wp-json\/wp\/v2\/comments?post=189"}],"version-history":[{"count":0,"href":"https:\/\/www.inambiente.it\/index.php\/wp-json\/wp\/v2\/posts\/189\/revisions"}],"wp:attachment":[{"href":"https:\/\/www.inambiente.it\/index.php\/wp-json\/wp\/v2\/media?parent=189"}],"wp:term":[{"taxonomy":"category","embeddable":true,"href":"https:\/\/www.inambiente.it\/index.php\/wp-json\/wp\/v2\/categories?post=189"},{"taxonomy":"post_tag","embeddable":true,"href":"https:\/\/www.inambiente.it\/index.php\/wp-json\/wp\/v2\/tags?post=189"}],"curies":[{"name":"wp","href":"https:\/\/api.w.org\/{rel}","templated":true}]}}