{"id":188,"date":"2008-02-16T02:14:24","date_gmt":"2008-02-16T00:14:24","guid":{"rendered":"http:\/\/www.inambiente.it\/inblog\/?p=179"},"modified":"2008-02-16T02:14:24","modified_gmt":"2008-02-16T00:14:24","slug":"interessante-iniziativa-della-coldiretti-mille-chilogrammi-di-co2-in-meno-se-si-mangia-a-chilometri-zero","status":"publish","type":"post","link":"https:\/\/www.inambiente.it\/index.php\/2008\/02\/interessante-iniziativa-della-coldiretti-mille-chilogrammi-di-co2-in-meno-se-si-mangia-a-chilometri-zero\/","title":{"rendered":"Interessante iniziativa della Coldiretti: Mille chilogrammi di CO2 in meno se si mangia a &quot;Chilometri zero&quot;."},"content":{"rendered":"<div id=\"ri_adv_end_content\"><script async src=\"\/\/pagead2.googlesyndication.com\/pagead\/js\/adsbygoogle.js\"><\/script>\r\n\t\t\t\t<!-- Appunti Ingegneria -->\r\n\t\t\t\t<ins class=\"adsbygoogle\"\r\n\t\t\t\t\t style=\"display:block\"\r\n\t\t\t\t\t data-ad-client=\"ca-pub-5194127282884067\"\r\n\t\t\t\t\t data-ad-slot=\"8299779634\"\r\n\t\t\t\t\t data-ad-format=\"auto\"><\/ins>\r\n\t\t\t\t<script>\r\n\t\t\t\t(adsbygoogle = window.adsbygoogle || []).push({});\r\n\t\t\t\t<\/script><\/div><p>La coldiretti ha promosso un interessante progetto per la riduzione dei prezzi dei beni alimentari che prende il nome di &#8220;chilometri zero&#8221;. L&#8217;obbiettivo \u00e8 quello di incentivare il consumo dei beni alimentari locali e di stagione a sfavore di quelli che vengono importati dall&#8217;estero o da altre zone d&#8217;Italia e che vengono prodotti in maniera non naturale e con l&#8217;ausilio di tecnologie economicamente sfavolrevoli. L&#8217;iniziativa, secondo il mio modestissimo parere, merita l&#8217;attenzione di tutti i media (portoppo, in questo momento si parla solo di politica&#8230;), proprio perch\u00c3\u00a9 fa tornare ogni essere umano con i piedi per terra.<!--HP--><\/p>\n<p>Infatti, \u00e8 davvero paradossale che ci sia bisogno di promuovere una iniziativa a livello nazionale per riportare l&#8217;attenzione di una popolazione, come quella italiana, che ha la propria storia scritta a chiare lettere nelle zolle della campagna che ogni giorno ci fornisce frutta e verdura. Ma fin dove vogliamo arrivare prima di renderci conto che in pochissimi anni abbiamo dimenticato tutto quello che ci ha fatto diventare il &#8220;Bel Paese&#8221;? Basti pensare che oggi si consuma frutta e verdura che viene da altre nazioni (la Spagna ha visto un incremento delle esportazioni verso l&#8217;Italia che ha dell&#8217;incredibile), trasportata nella nostra terra utilizzando esclusivamente mezzi su gomma, alimentati a benzina e che sono, quindi, inevitabilmente condizionati dall&#8217;aumento del prezzo del petrolio. In sistesi: il petrolio aumenta, la prugna spagnola aumenta. Mai equazione \u00e8 stata p\u00f9 semplice. E le nostre prugne? Solo perch\u00c3\u00a9 maturano qualche settimana dopo sono relegate ad essere seconda scelta e, da figlio di contadini,\u00c2\u00a0il paradosso sapete qual \u00e8? Che la nostra frutta, viene spedita fuori\u00c2\u00a0perch\u00c3\u00a9 da noi non c&#8217;\u00e8 mercato. Spedita utilizzando gli stessi camion che inquinano e che, consumando petrolio, fanno aumentare ancora il prezzo della frutta.\u00c2\u00a0<\/p>\n<p>I numeri della Coldiretti parlano chiaro, se si consuma frutta di stagione e prodotti locali si pu\u00f2 risparmiare il 20% di spesa e si evita di immettere nell&#8217;atmosfera 1000 chili di anidride carbonica.<\/p>\n<p>Ultimamente mi rendo conto che con un po&#8217; di attenzione si possono migliorare moltre nostre cattive abitudini dando benificio prima a noi stessi e poi alla comunit\u00e0 intera.\u00c2\u00a0Per avere informazioni sull&#8217;iniziativa e per conoscere le aziende agricole che partecipano al progetto &#8220;chilometri zero&#8221; basta un click sul sito <a href=\"http:\/\/www.campagnamica.it\/\">www.campagnamica.it<\/a>.<\/p>\n","protected":false},"excerpt":{"rendered":"<p>La coldiretti ha promosso un interessante progetto per la riduzione dei prezzi dei beni alimentari che prende il nome di &#8220;chilometri zero&#8221;. L&#8217;obbiettivo \u00e8 quello di incentivare il consumo dei beni alimentari locali e di stagione a sfavore di quelli che vengono importati dall&#8217;estero o da altre zone d&#8217;Italia e che vengono prodotti in maniera [&hellip;]<\/p>\n","protected":false},"author":24,"featured_media":0,"comment_status":"open","ping_status":"open","sticky":false,"template":"","format":"standard","meta":{"_links_to":"","_links_to_target":""},"categories":[1],"tags":[],"yoast_head":"<!-- This site is optimized with the Yoast SEO plugin v15.1.1 - https:\/\/yoast.com\/wordpress\/plugins\/seo\/ -->\r\n<meta name=\"robots\" content=\"index, follow, max-snippet:-1, max-image-preview:large, max-video-preview:-1\" \/>\r\n<link rel=\"canonical\" href=\"http:\/\/www.inambiente.it\/index.php\/2008\/02\/interessante-iniziativa-della-coldiretti-mille-chilogrammi-di-co2-in-meno-se-si-mangia-a-chilometri-zero\/\" \/>\r\n<meta property=\"og:locale\" content=\"it_IT\" \/>\r\n<meta property=\"og:type\" content=\"article\" \/>\r\n<meta property=\"og:title\" content=\"Interessante iniziativa della Coldiretti: Mille chilogrammi di CO2 in meno se si mangia a &quot;Chilometri zero&quot;. - InAmbienTe\" \/>\r\n<meta property=\"og:description\" content=\"La coldiretti ha promosso un interessante progetto per la riduzione dei prezzi dei beni alimentari che prende il nome di &#8220;chilometri zero&#8221;. L&#8217;obbiettivo \u00e8 quello di incentivare il consumo dei beni alimentari locali e di stagione a sfavore di quelli che vengono importati dall&#8217;estero o da altre zone d&#8217;Italia e che vengono prodotti in maniera [&hellip;]\" \/>\r\n<meta property=\"og:url\" content=\"http:\/\/www.inambiente.it\/index.php\/2008\/02\/interessante-iniziativa-della-coldiretti-mille-chilogrammi-di-co2-in-meno-se-si-mangia-a-chilometri-zero\/\" \/>\r\n<meta property=\"og:site_name\" content=\"InAmbienTe\" \/>\r\n<meta property=\"article:publisher\" content=\"https:\/\/www.facebook.com\/inambiente\" \/>\r\n<meta property=\"article:published_time\" content=\"2008-02-16T00:14:24+00:00\" \/>\r\n<meta name=\"twitter:card\" content=\"summary\" \/>\r\n<script type=\"application\/ld+json\" class=\"yoast-schema-graph\">{\"@context\":\"https:\/\/schema.org\",\"@graph\":[{\"@type\":\"WebSite\",\"@id\":\"https:\/\/www.inambiente.it\/#website\",\"url\":\"https:\/\/www.inambiente.it\/\",\"name\":\"InAmbienTe\",\"description\":\"Il Portale degli Studenti di Ingegneria\",\"potentialAction\":[{\"@type\":\"SearchAction\",\"target\":\"https:\/\/www.inambiente.it\/?s={search_term_string}\",\"query-input\":\"required name=search_term_string\"}],\"inLanguage\":\"it-IT\"},{\"@type\":\"WebPage\",\"@id\":\"http:\/\/www.inambiente.it\/index.php\/2008\/02\/interessante-iniziativa-della-coldiretti-mille-chilogrammi-di-co2-in-meno-se-si-mangia-a-chilometri-zero\/#webpage\",\"url\":\"http:\/\/www.inambiente.it\/index.php\/2008\/02\/interessante-iniziativa-della-coldiretti-mille-chilogrammi-di-co2-in-meno-se-si-mangia-a-chilometri-zero\/\",\"name\":\"Interessante iniziativa della Coldiretti: Mille chilogrammi di CO2 in meno se si mangia a &quot;Chilometri zero&quot;. - InAmbienTe\",\"isPartOf\":{\"@id\":\"https:\/\/www.inambiente.it\/#website\"},\"datePublished\":\"2008-02-16T00:14:24+00:00\",\"dateModified\":\"2008-02-16T00:14:24+00:00\",\"author\":{\"@id\":\"https:\/\/www.inambiente.it\/#\/schema\/person\/bf7848da8913bb9e7b9a040a14c8df85\"},\"inLanguage\":\"it-IT\",\"potentialAction\":[{\"@type\":\"ReadAction\",\"target\":[\"http:\/\/www.inambiente.it\/index.php\/2008\/02\/interessante-iniziativa-della-coldiretti-mille-chilogrammi-di-co2-in-meno-se-si-mangia-a-chilometri-zero\/\"]}]},{\"@type\":\"Person\",\"@id\":\"https:\/\/www.inambiente.it\/#\/schema\/person\/bf7848da8913bb9e7b9a040a14c8df85\",\"name\":\"domdin\",\"image\":{\"@type\":\"ImageObject\",\"@id\":\"https:\/\/www.inambiente.it\/#personlogo\",\"inLanguage\":\"it-IT\",\"url\":\"https:\/\/secure.gravatar.com\/avatar\/18160cdd31d624be75915209b6e50fa2?s=96&d=mm&r=g\",\"caption\":\"domdin\"}}]}<\/script>\r\n<!-- \/ Yoast SEO plugin. -->","_links":{"self":[{"href":"https:\/\/www.inambiente.it\/index.php\/wp-json\/wp\/v2\/posts\/188"}],"collection":[{"href":"https:\/\/www.inambiente.it\/index.php\/wp-json\/wp\/v2\/posts"}],"about":[{"href":"https:\/\/www.inambiente.it\/index.php\/wp-json\/wp\/v2\/types\/post"}],"author":[{"embeddable":true,"href":"https:\/\/www.inambiente.it\/index.php\/wp-json\/wp\/v2\/users\/24"}],"replies":[{"embeddable":true,"href":"https:\/\/www.inambiente.it\/index.php\/wp-json\/wp\/v2\/comments?post=188"}],"version-history":[{"count":0,"href":"https:\/\/www.inambiente.it\/index.php\/wp-json\/wp\/v2\/posts\/188\/revisions"}],"wp:attachment":[{"href":"https:\/\/www.inambiente.it\/index.php\/wp-json\/wp\/v2\/media?parent=188"}],"wp:term":[{"taxonomy":"category","embeddable":true,"href":"https:\/\/www.inambiente.it\/index.php\/wp-json\/wp\/v2\/categories?post=188"},{"taxonomy":"post_tag","embeddable":true,"href":"https:\/\/www.inambiente.it\/index.php\/wp-json\/wp\/v2\/tags?post=188"}],"curies":[{"name":"wp","href":"https:\/\/api.w.org\/{rel}","templated":true}]}}