{"id":187,"date":"2008-02-09T01:07:51","date_gmt":"2008-02-08T23:07:51","guid":{"rendered":"http:\/\/www.inambiente.it\/inblog\/?p=178"},"modified":"2008-02-09T01:07:51","modified_gmt":"2008-02-08T23:07:51","slug":"mettiamo-pure-che-de-gennaro-riesca-nel-suo-intento-e-poi","status":"publish","type":"post","link":"https:\/\/www.inambiente.it\/index.php\/2008\/02\/mettiamo-pure-che-de-gennaro-riesca-nel-suo-intento-e-poi\/","title":{"rendered":"Mettiamo pure che De Gennaro riesca nel suo intento. E poi?"},"content":{"rendered":"<div id=\"ri_adv_end_content\"><script async src=\"\/\/pagead2.googlesyndication.com\/pagead\/js\/adsbygoogle.js\"><\/script>\r\n\t\t\t\t<!-- Appunti Ingegneria -->\r\n\t\t\t\t<ins class=\"adsbygoogle\"\r\n\t\t\t\t\t style=\"display:block\"\r\n\t\t\t\t\t data-ad-client=\"ca-pub-5194127282884067\"\r\n\t\t\t\t\t data-ad-slot=\"8299779634\"\r\n\t\t\t\t\t data-ad-format=\"auto\"><\/ins>\r\n\t\t\t\t<script>\r\n\t\t\t\t(adsbygoogle = window.adsbygoogle || []).push({});\r\n\t\t\t\t<\/script><\/div><p>Sinceramente, trovo teatralmente assurdo quello che ci sta accadendo. Un rispettabilissimo cittadino italiano costretto a risolvere il problema campano, costretto a dover convincere la popolazione della regione p\u00f9 inefficiente d&#8217;Europa, a permettergli di togliere l&#8217;abnorme quantit\u00e0 di rifiuto accumulatosi in questi mesi\u00c2\u00a0nelle\u00c2\u00a0strade.<!--HP--> In pratica, fuori casa mia c&#8217;\u00e8 un cumulo che forse sparir\u00e0, sar\u00e0 messo nella Cava Riconta, oppure in un altra cava, poco importa, quello che conta \u00e8 che sicuramente si riformer\u00e0. Invece di guardare seriamente oltre, si pensa sempre e solo a quella maledetta pezza da cucire per tappare il buco nelle mutande.<\/p>\n<p>Sinceramente non credo ci sia un dopo De Gennaro, nel senso che se mai questo bravuomo riuscisse a spostare il mio cumulo di immondizia, non avrebbe fatto altro che tappare l&#8217;ennesimo buco in una terra che di buchi ne ha ancora da vendere. Ma quanto ci vuole a capire che la soluzione non c&#8217;\u00e8, o meglio, nessuno l&#8217;ha ancora presa?<\/p>\n<p>Siamo carichi, colmi fino all&#8217;orlo di ogni cosa: immondizia, quella sicuramente; rabbia, quella ormai sta traboccando;sfiducia, purtoppo questa non si manifesta in maniera intelligente; rassegnazione, idem. Insomma, siamo alla frutta ma non ci aspetta il caff\u00e8, anzi ci aspetta un amaro digestivo.<\/p>\n<p>Se proprio si deve tamponare la rabbia della popolazione ancora per qualche mese per poi riportare la situazione al limite del sopportabile, sinceramente meglio esplodere ora. Ormai si \u00e8 davvero sull&#8217;orlo di una sorta di guerra civile. Solo quando si capir\u00e0 che bisogna predere decisioni serie si riuscir\u00e0 a convincere la gente che qualcosa sta davvero cambiando. Ma ci rendiamo conto che l&#8217;unica strada alla risoluzione del problema passa per Acerra? Sono p\u00f9 che certo che percorrere questo cammino porter\u00e0 noi campani e noi italiani in una situazione davvero poco felice.<\/p>\n","protected":false},"excerpt":{"rendered":"<p>Sinceramente, trovo teatralmente assurdo quello che ci sta accadendo. Un rispettabilissimo cittadino italiano costretto a risolvere il problema campano, costretto a dover convincere la popolazione della regione p\u00f9 inefficiente d&#8217;Europa, a permettergli di togliere l&#8217;abnorme quantit\u00e0 di rifiuto accumulatosi in questi mesi\u00c2\u00a0nelle\u00c2\u00a0strade. In pratica, fuori casa mia c&#8217;\u00e8 un cumulo che forse sparir\u00e0, sar\u00e0 messo [&hellip;]<\/p>\n","protected":false},"author":24,"featured_media":0,"comment_status":"open","ping_status":"open","sticky":false,"template":"","format":"standard","meta":{"_links_to":"","_links_to_target":""},"categories":[1],"tags":[],"yoast_head":"<!-- This site is optimized with the Yoast SEO plugin v15.1.1 - https:\/\/yoast.com\/wordpress\/plugins\/seo\/ -->\r\n<meta name=\"robots\" content=\"index, follow, max-snippet:-1, max-image-preview:large, max-video-preview:-1\" \/>\r\n<link rel=\"canonical\" href=\"https:\/\/www.inambiente.it\/index.php\/2008\/02\/mettiamo-pure-che-de-gennaro-riesca-nel-suo-intento-e-poi\/\" \/>\r\n<meta property=\"og:locale\" content=\"it_IT\" \/>\r\n<meta property=\"og:type\" content=\"article\" \/>\r\n<meta property=\"og:title\" content=\"Mettiamo pure che De Gennaro riesca nel suo intento. E poi? - InAmbienTe\" \/>\r\n<meta property=\"og:description\" content=\"Sinceramente, trovo teatralmente assurdo quello che ci sta accadendo. Un rispettabilissimo cittadino italiano costretto a risolvere il problema campano, costretto a dover convincere la popolazione della regione p\u00f9 inefficiente d&#8217;Europa, a permettergli di togliere l&#8217;abnorme quantit\u00e0 di rifiuto accumulatosi in questi mesi\u00c2\u00a0nelle\u00c2\u00a0strade. In pratica, fuori casa mia c&#8217;\u00e8 un cumulo che forse sparir\u00e0, sar\u00e0 messo [&hellip;]\" \/>\r\n<meta property=\"og:url\" content=\"https:\/\/www.inambiente.it\/index.php\/2008\/02\/mettiamo-pure-che-de-gennaro-riesca-nel-suo-intento-e-poi\/\" \/>\r\n<meta property=\"og:site_name\" content=\"InAmbienTe\" \/>\r\n<meta property=\"article:publisher\" content=\"https:\/\/www.facebook.com\/inambiente\" \/>\r\n<meta property=\"article:published_time\" content=\"2008-02-08T23:07:51+00:00\" \/>\r\n<meta name=\"twitter:card\" content=\"summary\" \/>\r\n<script type=\"application\/ld+json\" class=\"yoast-schema-graph\">{\"@context\":\"https:\/\/schema.org\",\"@graph\":[{\"@type\":\"WebSite\",\"@id\":\"https:\/\/www.inambiente.it\/#website\",\"url\":\"https:\/\/www.inambiente.it\/\",\"name\":\"InAmbienTe\",\"description\":\"Il Portale degli Studenti di Ingegneria\",\"potentialAction\":[{\"@type\":\"SearchAction\",\"target\":\"https:\/\/www.inambiente.it\/?s={search_term_string}\",\"query-input\":\"required name=search_term_string\"}],\"inLanguage\":\"it-IT\"},{\"@type\":\"WebPage\",\"@id\":\"https:\/\/www.inambiente.it\/index.php\/2008\/02\/mettiamo-pure-che-de-gennaro-riesca-nel-suo-intento-e-poi\/#webpage\",\"url\":\"https:\/\/www.inambiente.it\/index.php\/2008\/02\/mettiamo-pure-che-de-gennaro-riesca-nel-suo-intento-e-poi\/\",\"name\":\"Mettiamo pure che De Gennaro riesca nel suo intento. E poi? - InAmbienTe\",\"isPartOf\":{\"@id\":\"https:\/\/www.inambiente.it\/#website\"},\"datePublished\":\"2008-02-08T23:07:51+00:00\",\"dateModified\":\"2008-02-08T23:07:51+00:00\",\"author\":{\"@id\":\"https:\/\/www.inambiente.it\/#\/schema\/person\/bf7848da8913bb9e7b9a040a14c8df85\"},\"inLanguage\":\"it-IT\",\"potentialAction\":[{\"@type\":\"ReadAction\",\"target\":[\"https:\/\/www.inambiente.it\/index.php\/2008\/02\/mettiamo-pure-che-de-gennaro-riesca-nel-suo-intento-e-poi\/\"]}]},{\"@type\":\"Person\",\"@id\":\"https:\/\/www.inambiente.it\/#\/schema\/person\/bf7848da8913bb9e7b9a040a14c8df85\",\"name\":\"domdin\",\"image\":{\"@type\":\"ImageObject\",\"@id\":\"https:\/\/www.inambiente.it\/#personlogo\",\"inLanguage\":\"it-IT\",\"url\":\"https:\/\/secure.gravatar.com\/avatar\/18160cdd31d624be75915209b6e50fa2?s=96&d=mm&r=g\",\"caption\":\"domdin\"}}]}<\/script>\r\n<!-- \/ Yoast SEO plugin. -->","_links":{"self":[{"href":"https:\/\/www.inambiente.it\/index.php\/wp-json\/wp\/v2\/posts\/187"}],"collection":[{"href":"https:\/\/www.inambiente.it\/index.php\/wp-json\/wp\/v2\/posts"}],"about":[{"href":"https:\/\/www.inambiente.it\/index.php\/wp-json\/wp\/v2\/types\/post"}],"author":[{"embeddable":true,"href":"https:\/\/www.inambiente.it\/index.php\/wp-json\/wp\/v2\/users\/24"}],"replies":[{"embeddable":true,"href":"https:\/\/www.inambiente.it\/index.php\/wp-json\/wp\/v2\/comments?post=187"}],"version-history":[{"count":0,"href":"https:\/\/www.inambiente.it\/index.php\/wp-json\/wp\/v2\/posts\/187\/revisions"}],"wp:attachment":[{"href":"https:\/\/www.inambiente.it\/index.php\/wp-json\/wp\/v2\/media?parent=187"}],"wp:term":[{"taxonomy":"category","embeddable":true,"href":"https:\/\/www.inambiente.it\/index.php\/wp-json\/wp\/v2\/categories?post=187"},{"taxonomy":"post_tag","embeddable":true,"href":"https:\/\/www.inambiente.it\/index.php\/wp-json\/wp\/v2\/tags?post=187"}],"curies":[{"name":"wp","href":"https:\/\/api.w.org\/{rel}","templated":true}]}}