{"id":186,"date":"2008-02-03T01:43:15","date_gmt":"2008-02-02T23:43:15","guid":{"rendered":"http:\/\/www.inambiente.it\/inblog\/?p=177"},"modified":"2008-02-03T01:43:15","modified_gmt":"2008-02-02T23:43:15","slug":"cosi-loceano-diventa-un-deserto-aumenta-la-temperatura-e-la-vita-diminuisce","status":"publish","type":"post","link":"https:\/\/www.inambiente.it\/index.php\/2008\/02\/cosi-loceano-diventa-un-deserto-aumenta-la-temperatura-e-la-vita-diminuisce\/","title":{"rendered":"Cos\u00c3\u00ac l&#039;oceano diventa un deserto. Aumenta la temperatura e la vita diminuisce."},"content":{"rendered":"<div id=\"ri_adv_end_content\"><script async src=\"\/\/pagead2.googlesyndication.com\/pagead\/js\/adsbygoogle.js\"><\/script>\r\n\t\t\t\t<!-- Appunti Ingegneria -->\r\n\t\t\t\t<ins class=\"adsbygoogle\"\r\n\t\t\t\t\t style=\"display:block\"\r\n\t\t\t\t\t data-ad-client=\"ca-pub-5194127282884067\"\r\n\t\t\t\t\t data-ad-slot=\"8299779634\"\r\n\t\t\t\t\t data-ad-format=\"auto\"><\/ins>\r\n\t\t\t\t<script>\r\n\t\t\t\t(adsbygoogle = window.adsbygoogle || []).push({});\r\n\t\t\t\t<\/script><\/div><p>Spesso si parla di desertificazione facendo riferimento alla terra ferma ed all&#8217;avanzare delle caratteristiche tipiche delle zone povere di vita. Sulla pagina del sito di Repubblica.it dedicata all&#8217;ambiente ho letto <a href=\"http:\/\/www.repubblica.it\/2008\/01\/sezioni\/ambiente\/acqua-calda\/acqua-calda\/acqua-calda.html\" title=\"Oceano deserto\">questo<\/a> interessante articolo di Elena Dusi che allarga la visuale anche a quella parte della terra che sembrerebbe non poter soffrire di tale male: l&#8217;oceano. Nell&#8217;articolo si fa ampiamente riferimento ad uno studio della Nasa che grazie ad un proprio satellite, il &#8220;SeaWiFs&#8221;, ha rilevato che dal &#8217;96 ad oggi le zone dell&#8217;oceano prive di vita sono aumentate del 15%.<!--HP--> Un dato impressionante se si pensa alle dimensioni in gioco. In pratica, tra oceano e terra ferma, il deserto copre un&#8217;area che \u00e8 il 40% della terra. Uno dei motivi principale di questo strano fenomeno di desertificazione \u00e8, come al solito, l&#8217;aumento della temperatura.<\/p>\n<p><img loading=\"lazy\" border=\"1\" vspace=\"5\" align=\"left\" width=\"255\" src=\"http:\/\/nuke.reefitalia.com\/Portals\/0\/Articoli\/Magazine\/novembre\/alghe\/fanerogame.jpg\" hspace=\"5\" alt=\"Mare\" height=\"190\" style=\"width: 255px; height: 190px\" title=\"Mare\" \/>Il parametro che evidenzia questo comportamento \u00e8 il colore della superficie dell&#8217;oceano passato dal verde-clorofilla, tipico delle zone ricche di vita, ad un blu scuro. Il ruolo della temperatura non ba letto solo in termini di effetto termico ma va inteso anche dal punto di vista delle correnti che sono evidentemente legate ad effetti termodinamici. Questa caratteristica \u00e8 nota da un bel po di tempo, quello che sembra essere cambiata \u00e8 la cinetica con la quale il fenomeno si sta evolvendo. In pratica, si legge sempre nell&#8217;articolo, la velocit\u00e0 di desertificazione dell&#8217;oceano \u00e8 incrementata di 10 volte, rispetto al previsto,\u00c2\u00a0nel giro di 9 anni.<\/p>\n<p>Per quanto riguarda il nostro mare, il mediterraneo, la situazione \u00e8 ancora peggiore, con un dato che si asseta al 20% di estensione desertica. Valore che aggiunto all&#8217;inquinamento ed alla pesca eccessiva compromette di molto il futuro del mare nostrum.<\/p>\n<p>Interessante \u00e8 comprendere le dinamiche con le quali, la circolazione delle correnti marine (<a href=\"http:\/\/www.fisica.unige.it\/atmosfera\/ricerca\/correnti_marine.htm\" title=\"Oceanografia\">qui<\/a> alcune interessanti info), permettono la rivitalizzazione degli strati superficiali. Il processo \u00e8 semplice ed \u00e8 tipico dei flussi caldo-freddo. La morte degli organismi marini permette un considerevole incremento\u00c2\u00a0di alcune sostanze molto importanti per il cilclo vitale: nitrati e fosfati che si depositano vesro i fondali oceanici. Grazie al raffreddamento delle correnti superficiali, queste sostanze possono risalire in superficie e, unite ai fenomeni fotosintetici, alimentano la vita\u00c2\u00a0negli oceani. Con l&#8217;interruzione di questo meccanismo si ha la riduzione della popolazione di animali che vivono in superfice.<\/p>\n<p>Le ragioni di questi fenomeni possono essere trovate nelle attivit\u00e8 dell&#8217;uomo che stanno alterando il clima. Non bastava il deserto di dune, ci mancava anche il deserto di accadueo.<\/p>\n","protected":false},"excerpt":{"rendered":"<p>Spesso si parla di desertificazione facendo riferimento alla terra ferma ed all&#8217;avanzare delle caratteristiche tipiche delle zone povere di vita. Sulla pagina del sito di Repubblica.it dedicata all&#8217;ambiente ho letto questo interessante articolo di Elena Dusi che allarga la visuale anche a quella parte della terra che sembrerebbe non poter soffrire di tale male: l&#8217;oceano. [&hellip;]<\/p>\n","protected":false},"author":24,"featured_media":0,"comment_status":"open","ping_status":"open","sticky":false,"template":"","format":"standard","meta":{"_links_to":"","_links_to_target":""},"categories":[1],"tags":[],"yoast_head":"<!-- This site is optimized with the Yoast SEO plugin v15.1.1 - https:\/\/yoast.com\/wordpress\/plugins\/seo\/ -->\r\n<meta name=\"robots\" content=\"index, follow, max-snippet:-1, max-image-preview:large, max-video-preview:-1\" \/>\r\n<link rel=\"canonical\" href=\"http:\/\/www.inambiente.it\/index.php\/2008\/02\/cosi-loceano-diventa-un-deserto-aumenta-la-temperatura-e-la-vita-diminuisce\/\" \/>\r\n<meta property=\"og:locale\" content=\"it_IT\" \/>\r\n<meta property=\"og:type\" content=\"article\" \/>\r\n<meta property=\"og:title\" content=\"Cos\u00c3\u00ac l&#039;oceano diventa un deserto. Aumenta la temperatura e la vita diminuisce. - InAmbienTe\" \/>\r\n<meta property=\"og:description\" content=\"Spesso si parla di desertificazione facendo riferimento alla terra ferma ed all&#8217;avanzare delle caratteristiche tipiche delle zone povere di vita. Sulla pagina del sito di Repubblica.it dedicata all&#8217;ambiente ho letto questo interessante articolo di Elena Dusi che allarga la visuale anche a quella parte della terra che sembrerebbe non poter soffrire di tale male: l&#8217;oceano. [&hellip;]\" \/>\r\n<meta property=\"og:url\" content=\"http:\/\/www.inambiente.it\/index.php\/2008\/02\/cosi-loceano-diventa-un-deserto-aumenta-la-temperatura-e-la-vita-diminuisce\/\" \/>\r\n<meta property=\"og:site_name\" content=\"InAmbienTe\" \/>\r\n<meta property=\"article:publisher\" content=\"https:\/\/www.facebook.com\/inambiente\" \/>\r\n<meta property=\"article:published_time\" content=\"2008-02-02T23:43:15+00:00\" \/>\r\n<meta property=\"og:image\" content=\"http:\/\/nuke.reefitalia.com\/Portals\/0\/Articoli\/Magazine\/novembre\/alghe\/fanerogame.jpg\" \/>\r\n<meta name=\"twitter:card\" content=\"summary\" \/>\r\n<script type=\"application\/ld+json\" class=\"yoast-schema-graph\">{\"@context\":\"https:\/\/schema.org\",\"@graph\":[{\"@type\":\"WebSite\",\"@id\":\"https:\/\/www.inambiente.it\/#website\",\"url\":\"https:\/\/www.inambiente.it\/\",\"name\":\"InAmbienTe\",\"description\":\"Il Portale degli Studenti di Ingegneria\",\"potentialAction\":[{\"@type\":\"SearchAction\",\"target\":\"https:\/\/www.inambiente.it\/?s={search_term_string}\",\"query-input\":\"required name=search_term_string\"}],\"inLanguage\":\"it-IT\"},{\"@type\":\"ImageObject\",\"@id\":\"http:\/\/www.inambiente.it\/index.php\/2008\/02\/cosi-loceano-diventa-un-deserto-aumenta-la-temperatura-e-la-vita-diminuisce\/#primaryimage\",\"inLanguage\":\"it-IT\",\"url\":\"http:\/\/nuke.reefitalia.com\/Portals\/0\/Articoli\/Magazine\/novembre\/alghe\/fanerogame.jpg\"},{\"@type\":\"WebPage\",\"@id\":\"http:\/\/www.inambiente.it\/index.php\/2008\/02\/cosi-loceano-diventa-un-deserto-aumenta-la-temperatura-e-la-vita-diminuisce\/#webpage\",\"url\":\"http:\/\/www.inambiente.it\/index.php\/2008\/02\/cosi-loceano-diventa-un-deserto-aumenta-la-temperatura-e-la-vita-diminuisce\/\",\"name\":\"Cos\\u00c3\\u00ac l&#039;oceano diventa un deserto. Aumenta la temperatura e la vita diminuisce. - InAmbienTe\",\"isPartOf\":{\"@id\":\"https:\/\/www.inambiente.it\/#website\"},\"primaryImageOfPage\":{\"@id\":\"http:\/\/www.inambiente.it\/index.php\/2008\/02\/cosi-loceano-diventa-un-deserto-aumenta-la-temperatura-e-la-vita-diminuisce\/#primaryimage\"},\"datePublished\":\"2008-02-02T23:43:15+00:00\",\"dateModified\":\"2008-02-02T23:43:15+00:00\",\"author\":{\"@id\":\"https:\/\/www.inambiente.it\/#\/schema\/person\/bf7848da8913bb9e7b9a040a14c8df85\"},\"inLanguage\":\"it-IT\",\"potentialAction\":[{\"@type\":\"ReadAction\",\"target\":[\"http:\/\/www.inambiente.it\/index.php\/2008\/02\/cosi-loceano-diventa-un-deserto-aumenta-la-temperatura-e-la-vita-diminuisce\/\"]}]},{\"@type\":\"Person\",\"@id\":\"https:\/\/www.inambiente.it\/#\/schema\/person\/bf7848da8913bb9e7b9a040a14c8df85\",\"name\":\"domdin\",\"image\":{\"@type\":\"ImageObject\",\"@id\":\"https:\/\/www.inambiente.it\/#personlogo\",\"inLanguage\":\"it-IT\",\"url\":\"https:\/\/secure.gravatar.com\/avatar\/18160cdd31d624be75915209b6e50fa2?s=96&d=mm&r=g\",\"caption\":\"domdin\"}}]}<\/script>\r\n<!-- \/ Yoast SEO plugin. -->","_links":{"self":[{"href":"https:\/\/www.inambiente.it\/index.php\/wp-json\/wp\/v2\/posts\/186"}],"collection":[{"href":"https:\/\/www.inambiente.it\/index.php\/wp-json\/wp\/v2\/posts"}],"about":[{"href":"https:\/\/www.inambiente.it\/index.php\/wp-json\/wp\/v2\/types\/post"}],"author":[{"embeddable":true,"href":"https:\/\/www.inambiente.it\/index.php\/wp-json\/wp\/v2\/users\/24"}],"replies":[{"embeddable":true,"href":"https:\/\/www.inambiente.it\/index.php\/wp-json\/wp\/v2\/comments?post=186"}],"version-history":[{"count":0,"href":"https:\/\/www.inambiente.it\/index.php\/wp-json\/wp\/v2\/posts\/186\/revisions"}],"wp:attachment":[{"href":"https:\/\/www.inambiente.it\/index.php\/wp-json\/wp\/v2\/media?parent=186"}],"wp:term":[{"taxonomy":"category","embeddable":true,"href":"https:\/\/www.inambiente.it\/index.php\/wp-json\/wp\/v2\/categories?post=186"},{"taxonomy":"post_tag","embeddable":true,"href":"https:\/\/www.inambiente.it\/index.php\/wp-json\/wp\/v2\/tags?post=186"}],"curies":[{"name":"wp","href":"https:\/\/api.w.org\/{rel}","templated":true}]}}