{"id":1282,"date":"2015-06-27T12:05:42","date_gmt":"2015-06-27T10:05:42","guid":{"rendered":"http:\/\/www.inambiente.it\/?p=1282"},"modified":"2015-06-27T12:05:42","modified_gmt":"2015-06-27T10:05:42","slug":"il-festival-dei-depuratori-dal-18-luglio-a-milano-un-evento-organizzato-da-depurart-gallery","status":"publish","type":"post","link":"https:\/\/www.inambiente.it\/index.php\/2015\/06\/il-festival-dei-depuratori-dal-18-luglio-a-milano-un-evento-organizzato-da-depurart-gallery\/","title":{"rendered":"Il Festival dei Depuratori: dal 18 Luglio a Milano un evento organizzato da DepurArt Gallery."},"content":{"rendered":"<div id=\"ri_adv_end_content\"><script async src=\"\/\/pagead2.googlesyndication.com\/pagead\/js\/adsbygoogle.js\"><\/script>\r\n\t\t\t\t<!-- Appunti Ingegneria -->\r\n\t\t\t\t<ins class=\"adsbygoogle\"\r\n\t\t\t\t\t style=\"display:block\"\r\n\t\t\t\t\t data-ad-client=\"ca-pub-5194127282884067\"\r\n\t\t\t\t\t data-ad-slot=\"8299779634\"\r\n\t\t\t\t\t data-ad-format=\"auto\"><\/ins>\r\n\t\t\t\t<script>\r\n\t\t\t\t(adsbygoogle = window.adsbygoogle || []).push({});\r\n\t\t\t\t<\/script><\/div><div id=\"attachment_1283\" style=\"width: 310px\" class=\"wp-caption alignleft\"><a href=\"http:\/\/www.inambiente.it\/wp-content\/uploads\/2015\/06\/depur-art-gallery.jpg\"><img aria-describedby=\"caption-attachment-1283\" loading=\"lazy\" class=\"size-medium wp-image-1283\" src=\"http:\/\/www.inambiente.it\/wp-content\/uploads\/2015\/06\/depur-art-gallery-300x200.jpg\" alt=\"depur-art-gallery\" width=\"300\" height=\"200\" srcset=\"https:\/\/www.inambiente.it\/wp-content\/uploads\/2015\/06\/depur-art-gallery-300x200.jpg 300w, https:\/\/www.inambiente.it\/wp-content\/uploads\/2015\/06\/depur-art-gallery-624x416.jpg 624w, https:\/\/www.inambiente.it\/wp-content\/uploads\/2015\/06\/depur-art-gallery.jpg 763w\" sizes=\"(max-width: 300px) 100vw, 300px\" \/><\/a><p id=\"caption-attachment-1283\" class=\"wp-caption-text\">depur-art-gallery<\/p><\/div>\n<p>Un festival dei depuratori ci mancava proprio e, onestamente, la trovo un&#8217;idea geniale.<\/p>\n<p>Sabato 18 luglio si terr\u00e0 il Primo Festival dei Depuratori, un progetto del Movimento Arte da mangiare &#8211; mangiare Arte in collaborazione con Il Depuratore di Milano Nosedo e Utilititalia.<\/p>\n<p>Il Festival intende rispondere alla domanda: \u201cQuale Arte in un Depuratore?\u201d, oltre che motivare le scelte che hanno mosso il Movimento Arte da mangiare &#8211; mangiare Arte ad istituire DepurArt Lab Gallery, prima galleria e laboratorio d\u2019arte all\u2019interno di un impianto di depurazione. Inoltre, sar\u00e0 per Utilitalia l\u2019occasione per annunciare il Festival dell\u2019Acqua che, in occasione di EXPO 2015, andr\u00e0 in scena al Castello Sforzesco di Milano dal 5 al 9 ottobre 2015.<\/p>\n<p>Nel corso della mattinata del 18 luglio p.v, dalle ore 09.00 alle ore 13.30 presso la sala conferenze del Depuratore di Milano Nosedo, esponenti del mondo scientifico e dell\u2019arte si confronteranno attorno al tema del Festival.<\/p>\n<p>Il Depuratore di Milano Nosedo con l\u2019apertura della DepurArt Lab Gallery a cura dell\u2019Associazione Arte da mangiare &#8211; mangiare Arte, ora costituitasi anche come \u201cmovimento\u201d, rappresenta emblematicamente un luogo in cui si viene a depurare l\u2019arte, quella stessa arte contemporanea che da tempo subisce una trasfigurazione da prodotto creativo in prodotto di mercato. Stante questa premessa viene proposto da questa postazione straordinaria attiva all\u2019interno del Depuratore di Milano Nosedo, un Festival dei Depuratori in cui questi ultimi possono essere riconosciuti come luoghi simbolo delle sfide che muovono dal risanamento del Pianeta terra, una delle priorit\u00e0 strategiche del pianeta terra.<\/p>\n<p>Il Festival dei Depuratori in cui arte e scienza vengono a costituire nuovi paradigmi vettoriali tesi al raggiungimento di obiettivi programmatici, vorrebbe gli stessi Depuratori del ruolo di luoghi simbolo di una nuova coscienza collettiva, consapevolmente partecipe dell\u2019approccio olistico proposto nel \u201crinascimento\u201d da Leonardo da Vinci. Inoltre, il Festival dei Depuratori vorrebbe essere, come lascia intendere questa stessa denominazione, un appuntamento festoso, focalizzato sulla restituzione di un\u2019acqua snaturata in un\u2019acqua \u201cnaturante\u201d, metafora palese del ritorno alla vita nel senso pi\u00f9 ampio del termine e con riferimento esplicito al pianeta Terra.<\/p>\n<p>Attraverso il veicolo dell\u2019arte si dar\u00e0 cos\u00ec visibilit\u00e0 al problema dell\u2019ecologia del Pianeta, rendendolo accessibile al pubblico ed attribuendo cos\u00ec ai Depuratori il ruolo fondamentale che ebbero le cattedrali medievali.<\/p>\n<p>Scienze umanistiche e scienze esatte hanno un incontro paritetico in questo scenario, creando una rete di relazioni tra realt\u00e0 differenti grazie al \u201cmovimento\u201d e stabilendo presidi strategici unici che corrispondono ai Depuratori.<\/p>\n<p>fonte:\u00a0<a href=\"http:\/\/www.mi-lorenteggio.com\/news\/38092\" target=\"_blank\">http:\/\/www.mi-lorenteggio.com\/news\/38092<\/a><\/p>\n<p>Ecco il programma<\/p>\n<blockquote><p>FESTIVAL DEI DEPURATORI<br \/>\nQuale Arte in un Depuratore?<br \/>\n09.30:\u00a0Accoglienza e registrazione dei presenti<br \/>\n10.00:\u00a0Saluti di benvenuto dell&#8217;Ing. Roberto Mazzini &#8211; Presidente del Depuratore di Milano Nosedo ; di Ornella Piluso &#8211; Direttore Artistico di DepurArt Lab Gallery ; di un rappresentante di Utilititalia; di un rappresentante di Metropolitane Milanesi.<\/p>\n<p>Quale Arte in un Depuratore?<br \/>\nL&#8217;esperienza di Arte da mangiare mangiare Arte<br \/>\nIntervengono: Ornella Piluso &#8211; Direttore Artistico di DepurArt Lab Gallery, Rolndo Bellini &#8211; Teorico del Movimento di Arte da mangiare mangiare Arte. Quanto \u00e8 stato fatto e quanto in programma.<\/p>\n<p>Percorsi Educativi, Culturali, Sociali e Terapeutici<br \/>\nIntervengono:\u00a0Giuseppe Pozzi &#8211; Direttore Clinico di Artelier &#8211; che illustrer\u00e0 il progetto di Artelier (Associazione clinico culturale e opera nell&#8217;ambito della salute mentale al servizio dell&#8217;infanzia, dell&#8217;adolescenza e dell&#8217;et\u00e0 adulta intervenendo a livello individuale, familiare e di gruppo) presso DepurArt Lab Gallery.<br \/>\nMarcello Bruognolo &#8211; Psicologo e Artista &#8211; presenter\u00e0 il progetto Orto Arte per la formazione di manager aziendali.<\/p>\n<p>DepurArt Lab Gallery: ricadute sul territorio<br \/>\nIntervengono:\u00a0Un rappresentante della Valle dei Monaci<br \/>\nFilippo del Corno &#8211; Assessore alla Cultura del Comune di Milano<\/p>\n<p>Esempi di altre esperienze sui territori e possibili partnership<br \/>\nIntervengono:\u00a0Un rappresentante del Museo della Merda di Piacenza<br \/>\nResponsabile dell&#8217;Eco Museo Diffuso dell&#8217;Acqua della Provincia di Ascoli Piceno e Regione Marche<\/p>\n<p>13.00 &#8211; 14.00: Brunch<\/p>\n<p>14.00 &#8211; 15.00:\u00a0Le aziende che hanno sostenuto il progetto di DepurArt Lab Gallery<br \/>\nInterviene:\u00a0Monica Scardecchia con una breve presentazione delle opere di DepurArt Lab Gallery e video interviste agli Artisti e Aziende sostenitrici.<\/p>\n<p>15.00:\u00a0L&#8217;impianto di Depurazione di Milano Nosedo<br \/>\nVisita guidata all&#8217;impianto e alla sua storia<br \/>\nIntervengono: Ing. Pizza, dott.ssa Pizza, Ing. Gabriele Gusberti<\/p>\n<p>16.00 &#8211; 17.00:\u00a0Coffe Break nell&#8217;officina e incontri Be to Be<\/p>\n<p>17.00:\u00a0visita alle installazioni e performance<\/p>\n<p><a href=\"http:\/\/www.milanotoday.it\/eventi\/festival-depuratori-arte-milano-18-giugno.html\" target=\"_blank\">http:\/\/www.milanotoday.it\/eventi\/festival-depuratori-arte-milano-18-giugno.html<\/a><\/p><\/blockquote>\n<p>&nbsp;<\/p>\n","protected":false},"excerpt":{"rendered":"<p>Un festival dei depuratori ci mancava proprio e, onestamente, la trovo un&#8217;idea geniale. Sabato 18 luglio si terr\u00e0 il Primo Festival dei Depuratori, un progetto del Movimento Arte da mangiare &#8211; mangiare Arte in collaborazione con Il Depuratore di Milano Nosedo e Utilititalia. Il Festival intende rispondere alla domanda: \u201cQuale Arte in un Depuratore?\u201d, oltre [&hellip;]<\/p>\n","protected":false},"author":1,"featured_media":0,"comment_status":"open","ping_status":"open","sticky":false,"template":"","format":"standard","meta":{"_links_to":"","_links_to_target":""},"categories":[1],"tags":[],"yoast_head":"<!-- This site is optimized with the Yoast SEO plugin v15.1.1 - https:\/\/yoast.com\/wordpress\/plugins\/seo\/ -->\r\n<meta name=\"description\" content=\"Il Festival dei Depuratori \u00e8 organizzato da DepurArt Gallery. La domanda a cui vuole rispondere \u00e8: Quale Arte in un Depuratore?. Dal 18 Luglio 2015 a Milano\" \/>\r\n<meta name=\"robots\" content=\"index, follow, max-snippet:-1, max-image-preview:large, max-video-preview:-1\" \/>\r\n<link rel=\"canonical\" href=\"http:\/\/www.inambiente.it\/index.php\/2015\/06\/il-festival-dei-depuratori-dal-18-luglio-a-milano-un-evento-organizzato-da-depurart-gallery\/\" \/>\r\n<meta property=\"og:locale\" content=\"it_IT\" \/>\r\n<meta property=\"og:type\" content=\"article\" \/>\r\n<meta property=\"og:title\" content=\"Il Festival dei Depuratori: dal 18 Luglio a Milano\" \/>\r\n<meta property=\"og:description\" content=\"Il Festival dei Depuratori \u00e8 organizzato da DepurArt Gallery. La domanda a cui vuole rispondere \u00e8: Quale Arte in un Depuratore?. Dal 18 Luglio 2015 a Milano\" \/>\r\n<meta property=\"og:url\" content=\"http:\/\/www.inambiente.it\/index.php\/2015\/06\/il-festival-dei-depuratori-dal-18-luglio-a-milano-un-evento-organizzato-da-depurart-gallery\/\" \/>\r\n<meta property=\"og:site_name\" content=\"InAmbienTe\" \/>\r\n<meta property=\"article:publisher\" content=\"https:\/\/www.facebook.com\/inambiente\" \/>\r\n<meta property=\"article:published_time\" content=\"2015-06-27T10:05:42+00:00\" \/>\r\n<meta property=\"og:image\" content=\"http:\/\/www.inambiente.it\/wp-content\/uploads\/2015\/06\/depur-art-gallery-300x200.jpg\" \/>\r\n<meta name=\"twitter:card\" content=\"summary\" \/>\r\n<script type=\"application\/ld+json\" class=\"yoast-schema-graph\">{\"@context\":\"https:\/\/schema.org\",\"@graph\":[{\"@type\":\"WebSite\",\"@id\":\"https:\/\/www.inambiente.it\/#website\",\"url\":\"https:\/\/www.inambiente.it\/\",\"name\":\"InAmbienTe\",\"description\":\"Il Portale degli Studenti di Ingegneria\",\"potentialAction\":[{\"@type\":\"SearchAction\",\"target\":\"https:\/\/www.inambiente.it\/?s={search_term_string}\",\"query-input\":\"required name=search_term_string\"}],\"inLanguage\":\"it-IT\"},{\"@type\":\"ImageObject\",\"@id\":\"http:\/\/www.inambiente.it\/index.php\/2015\/06\/il-festival-dei-depuratori-dal-18-luglio-a-milano-un-evento-organizzato-da-depurart-gallery\/#primaryimage\",\"inLanguage\":\"it-IT\",\"url\":\"http:\/\/www.inambiente.it\/wp-content\/uploads\/2015\/06\/depur-art-gallery-300x200.jpg\"},{\"@type\":\"WebPage\",\"@id\":\"http:\/\/www.inambiente.it\/index.php\/2015\/06\/il-festival-dei-depuratori-dal-18-luglio-a-milano-un-evento-organizzato-da-depurart-gallery\/#webpage\",\"url\":\"http:\/\/www.inambiente.it\/index.php\/2015\/06\/il-festival-dei-depuratori-dal-18-luglio-a-milano-un-evento-organizzato-da-depurart-gallery\/\",\"name\":\"Il Festival dei Depuratori: dal 18 Luglio a Milano\",\"isPartOf\":{\"@id\":\"https:\/\/www.inambiente.it\/#website\"},\"primaryImageOfPage\":{\"@id\":\"http:\/\/www.inambiente.it\/index.php\/2015\/06\/il-festival-dei-depuratori-dal-18-luglio-a-milano-un-evento-organizzato-da-depurart-gallery\/#primaryimage\"},\"datePublished\":\"2015-06-27T10:05:42+00:00\",\"dateModified\":\"2015-06-27T10:05:42+00:00\",\"author\":{\"@id\":\"https:\/\/www.inambiente.it\/#\/schema\/person\/5518ecc20e8869b76680d825685acee9\"},\"description\":\"Il Festival dei Depuratori \\u00e8 organizzato da DepurArt Gallery. La domanda a cui vuole rispondere \\u00e8: Quale Arte in un Depuratore?. Dal 18 Luglio 2015 a Milano\",\"inLanguage\":\"it-IT\",\"potentialAction\":[{\"@type\":\"ReadAction\",\"target\":[\"http:\/\/www.inambiente.it\/index.php\/2015\/06\/il-festival-dei-depuratori-dal-18-luglio-a-milano-un-evento-organizzato-da-depurart-gallery\/\"]}]},{\"@type\":\"Person\",\"@id\":\"https:\/\/www.inambiente.it\/#\/schema\/person\/5518ecc20e8869b76680d825685acee9\",\"name\":\"Domenico Di Nardo\",\"image\":{\"@type\":\"ImageObject\",\"@id\":\"https:\/\/www.inambiente.it\/#personlogo\",\"inLanguage\":\"it-IT\",\"url\":\"https:\/\/secure.gravatar.com\/avatar\/aabcf4979f8cee415e34471172295b9c?s=96&d=mm&r=g\",\"caption\":\"Domenico Di Nardo\"},\"sameAs\":[\"http:\/\/www.inambiente.it\"]}]}<\/script>\r\n<!-- \/ Yoast SEO plugin. -->","_links":{"self":[{"href":"https:\/\/www.inambiente.it\/index.php\/wp-json\/wp\/v2\/posts\/1282"}],"collection":[{"href":"https:\/\/www.inambiente.it\/index.php\/wp-json\/wp\/v2\/posts"}],"about":[{"href":"https:\/\/www.inambiente.it\/index.php\/wp-json\/wp\/v2\/types\/post"}],"author":[{"embeddable":true,"href":"https:\/\/www.inambiente.it\/index.php\/wp-json\/wp\/v2\/users\/1"}],"replies":[{"embeddable":true,"href":"https:\/\/www.inambiente.it\/index.php\/wp-json\/wp\/v2\/comments?post=1282"}],"version-history":[{"count":1,"href":"https:\/\/www.inambiente.it\/index.php\/wp-json\/wp\/v2\/posts\/1282\/revisions"}],"predecessor-version":[{"id":1284,"href":"https:\/\/www.inambiente.it\/index.php\/wp-json\/wp\/v2\/posts\/1282\/revisions\/1284"}],"wp:attachment":[{"href":"https:\/\/www.inambiente.it\/index.php\/wp-json\/wp\/v2\/media?parent=1282"}],"wp:term":[{"taxonomy":"category","embeddable":true,"href":"https:\/\/www.inambiente.it\/index.php\/wp-json\/wp\/v2\/categories?post=1282"},{"taxonomy":"post_tag","embeddable":true,"href":"https:\/\/www.inambiente.it\/index.php\/wp-json\/wp\/v2\/tags?post=1282"}],"curies":[{"name":"wp","href":"https:\/\/api.w.org\/{rel}","templated":true}]}}