{"id":1254,"date":"2015-06-09T10:41:48","date_gmt":"2015-06-09T08:41:48","guid":{"rendered":"http:\/\/www.inambiente.it\/?p=1254"},"modified":"2015-06-09T10:41:48","modified_gmt":"2015-06-09T08:41:48","slug":"giugliano-scuola-dimpresa-si-e-conclusa-la-prima-edizione-del-corso-in-gestione-e-direzione-dazienda","status":"publish","type":"post","link":"https:\/\/www.inambiente.it\/index.php\/2015\/06\/giugliano-scuola-dimpresa-si-e-conclusa-la-prima-edizione-del-corso-in-gestione-e-direzione-dazienda\/","title":{"rendered":"Giugliano Scuola d&#8217;Impresa: si \u00e8 conclusa la prima edizione del corso in gestione e direzione d&#8217;azienda"},"content":{"rendered":"<div id=\"ri_adv_end_content\"><script async src=\"\/\/pagead2.googlesyndication.com\/pagead\/js\/adsbygoogle.js\"><\/script>\r\n\t\t\t\t<!-- Appunti Ingegneria -->\r\n\t\t\t\t<ins class=\"adsbygoogle\"\r\n\t\t\t\t\t style=\"display:block\"\r\n\t\t\t\t\t data-ad-client=\"ca-pub-5194127282884067\"\r\n\t\t\t\t\t data-ad-slot=\"8299779634\"\r\n\t\t\t\t\t data-ad-format=\"auto\"><\/ins>\r\n\t\t\t\t<script>\r\n\t\t\t\t(adsbygoogle = window.adsbygoogle || []).push({});\r\n\t\t\t\t<\/script><\/div><p>Da <a href=\"http:\/\/www.internapoli.it\/34249\/giugliano-scuola-dimpresa-si-e-conclusa-la-prima-edizione-del-corso-in-gestione-e-direzione-dazienda\" target=\"_blank\">www.internapoli.it<\/a><\/p>\n<p><b>GIUGLIANO<\/b>. Si \u00e8 chiusa sabato mattina nella zona ASI di Giugliano presso la GMA di Angelo Punzi la prima edizione del corso in gestione e direzione d&#8217;azienda promosso da Giugliano Scuola di Impresa. Entusiasti i primi 30 giovani &#8220;diplomati&#8221; imprenditori che hanno espresso la propria soddisfazione davanti ai professori Vittorio Coda, oggi professore emerito della Bocconi di Milano e docente di Strategia aziendale e Luca Meldolesi, professore di Politica Economica alla Federico II di Napoli per oltre 20 anni e promotore della scuola insieme a Tommaso Di Nardo e Franco Saverio Cioffi che l&#8217;hanno progettata e realizzata insieme a un nutrito gruppo di docenti e professionisti di impresa.<\/p>\n<p><!--more--><\/p>\n<p><b>Soddisfatto anche Angelo Punzi<\/b> che con la GMA e la presidenza del Consorzio Cig gi\u00e0 da diversi anni sta perseguendo con tenacia e determinazione l&#8217;obiettivo di coniugare la crescita e lo sviluppo dell&#8217;azienda con quello del territorio. Molto serrato il dibattito e la discussione tra i giovani, i professori e Angelo Punzi che proprio con la GMA e il suo &#8220;improbabile&#8221; stabilimento, che sorprende i suoi visitatori per l&#8217;evidente contrasto rispetto al territorio e all&#8217;ambiente che lo circonda, ha rappresentato un valido esempio e un punto di riferimento per la Scuola.<\/p>\n<div style=\"width: 660px\" class=\"wp-caption aligncenter\"><img loading=\"lazy\" class=\"\" src=\"http:\/\/www.giuglianoscuoladimpresa.com\/wp-content\/uploads\/2015\/01\/logoSDI650.jpg\" alt=\"Giugliano scuola d'Impresa\" width=\"650\" height=\"94\" \/><p class=\"wp-caption-text\">Giugliano scuola d&#8217;Impresa<\/p><\/div>\n<p><b>Prestigiose presenze<\/b>. Accanto agli altri imprenditori che hanno portato testimonianze e importanti lezioni di management nella Scuola come Luca Carafa, anch&#8217;egli con uno stabilimento industriale nella zona Asi e Renato Bruno, General Manager di Bruno Generators, azienda campana in costante crescita in Italia e all&#8217;estero, e allievo del prof. Luca Meldolesi, presente anche alla consegna dei diplomi, Angelo Punzi e la GMA sono stati la pi\u00f9 bella testimonianza possibile per i giovani che anche a Giugliano e nelle zone pi\u00f9 difficili della Campania come Casal di Principe e dintorni dove operano con le loro aziende alcuni dei giovani della Scuola, si pu\u00f2 innanzitutto lavorare bene e poi, soprattutto, fare bene azienda e creare buone imprese.<\/p>\n<p>La vitalit\u00e0 imprenditoriale \u00e8 essenziale per l&#8217;incivilimento del territorio, dicono all&#8217;unisono Vittorio Coda, professore emerito della Bocconi e Luca Meldolesi, professore di Politica Economica alla Federico II per oltre due decenni! Il male e il bene c&#8217;\u00e8 dappertutto, ha detto Coda, la cosa importante \u00e8 che ogni &#8220;organizzazione produttiva&#8221;, dalla famiglia, alle cooperative, dagli enti pubblici alle imprese, faccia scelte oculate di posizionamento e lavori ogni giorno per ampliare il differenziale tra il valore che produce per gli utilizzatori finali e i costi degli input.<\/p>\n<p><b>La realt\u00e0 \u00e8 complessa<\/b> e gli imprenditori sono essere umani con le loro debolezze e con le loro punte di orgoglio, perci\u00f2 il segreto sta nel trovare il miglior equilibrio tra tutte le risorse coinvolte nell&#8217;azienda e quindi nel creare armonia tra tutti i portatori di interesse. Il buon management, ha concluso Coda, \u00e8 fatto di imprenditori che sanno capire e fare allo stesso tempo il bene dell&#8217;azienda. E&#8217; quello che con una formula sintetica chiamiamo &#8220;Fare meglio e di pi\u00f9 con meno&#8221; ha aggiunto il prof. Meldolesi e che cerchiamo di portare anche nei funzionamenti dello Stato e degli enti locali perch\u00e9 tutti sono e siamo coinvolti nel processo di cambiamento necessario per il rilancio del Paese e del Sud in particolare. E il segreto sta in questi giovani che hanno deciso di puntare sulle loro forze e che pian piano si stanno riappropriando della loro terra e lo stanno facendo con orgoglio oltre che con passione e dedizione. Per loro \u00e8 fondamentale il percorso di formazione e di accompagnamento offerto dalla Scuola e in particolare dai primi responsabili sul territorio come Tommaso e Franco. Un terzo dei diplomati di questo primo anno di corso proviene da alcune cooperative sociali che operano tra Caserta e Napoli e fanno capo ai consorzi NCO e CORE e che in questi mesi sono impegnate in un intenso processo di evoluzione verso il mercato che Saverio Cioffi sta guidando e orientando giorno per giorno con l&#8217;impegno e la dedizione costante dei presidenti e di tutti i cooperatori.<\/p>\n<p><b>Il tour<\/b>. E proprio per visitare alcune di queste cooperative, il prof. Vittorio Coda \u00e8 giunto a Napoli un giorno prima della chiusura della Scuola e con il prof. Meldolesi ha girato in lungo e in largo mezza Campania (da Casal di Principe a S. Cipriano d&#8217;Aversa per la coop. Agropoli, da Aversa per la coop. Fuori di Zucca a Maiano &#8211; Sessa Aurunca &#8211; per la coop. Al di l\u00e0 dei sogni) restando sorpreso nel vedere tanta vitalit\u00e0 imprenditoriale che cerca di emergere tra mille difficolt\u00e0 e che nella Scuola e nei sui docenti trova un valido punto di riferimento e di orientamento.<\/p>\n<p><b>Giugliano Scuola di Impresa<\/b> proseguir\u00e0 il lavoro avviato non solo migliorando e ripetendo il corso nel 2016, ha aggiunto Tommaso Di Nardo, ma anche lanciando progetti specifici per i partecipanti del primo anno che hanno voglia di proseguire sulla strada della propria personale crescita imprenditoriale. Tra i primi progetti l&#8217;istituzione di una borsa di studio per mandare un giovane della Scuola al Global Village for Future Leaders of Business and Industry che si tiene ogni anno presso la Lehigh University (Bethlehem, PA) con il quale \u00e8 in corso un gemellaggio della Scuola di Impresa di Giugliano.<\/p>\n<p><b>Altri progetti<\/b> verranno lanciati nei prossimi mesi ha aggiunto Angelo Punzi, poich\u00e9 la sfida pi\u00f9 grande per questi giovani \u00e8 di fare buone imprese, che producono e danno lavoro a loro stessi e ad altri e questa \u00e8 la pi\u00f9 importante sfida per Giugliano, Per Napoli e per la Campania se si vuole creare lavoro vero.<\/p>\n<p>Per maggiori informazioni:\u00a0<a href=\"http:\/\/www.giuglianoscuoladimpresa.com\/\" target=\"_blank\">http:\/\/www.giuglianoscuoladimpresa.com\/<\/a><\/p>\n","protected":false},"excerpt":{"rendered":"<p>Da www.internapoli.it GIUGLIANO. Si \u00e8 chiusa sabato mattina nella zona ASI di Giugliano presso la GMA di Angelo Punzi la prima edizione del corso in gestione e direzione d&#8217;azienda promosso da Giugliano Scuola di Impresa. Entusiasti i primi 30 giovani &#8220;diplomati&#8221; imprenditori che hanno espresso la propria soddisfazione davanti ai professori Vittorio Coda, oggi professore [&hellip;]<\/p>\n","protected":false},"author":1,"featured_media":0,"comment_status":"open","ping_status":"open","sticky":false,"template":"","format":"standard","meta":{"_links_to":"","_links_to_target":""},"categories":[1],"tags":[],"yoast_head":"<!-- This site is optimized with the Yoast SEO plugin v15.1.1 - https:\/\/yoast.com\/wordpress\/plugins\/seo\/ -->\r\n<meta name=\"description\" content=\"Giugliano scuola d&#039;impresa, si \u00e8 chiusa presso la GMA di Angelo Punzi di Giugliano la prima edizione del corso in gestione e direzione d&#039;azienda.\" \/>\r\n<meta name=\"robots\" content=\"index, follow, max-snippet:-1, max-image-preview:large, max-video-preview:-1\" \/>\r\n<link rel=\"canonical\" href=\"http:\/\/www.inambiente.it\/index.php\/2015\/06\/giugliano-scuola-dimpresa-si-e-conclusa-la-prima-edizione-del-corso-in-gestione-e-direzione-dazienda\/\" \/>\r\n<meta property=\"og:locale\" content=\"it_IT\" \/>\r\n<meta property=\"og:type\" content=\"article\" \/>\r\n<meta property=\"og:title\" content=\"Giugliano Scuola d&#039;Impresa: si \u00e8 conclusa la prima edizione.\" \/>\r\n<meta property=\"og:description\" content=\"Giugliano scuola d&#039;impresa, si \u00e8 chiusa presso la GMA di Angelo Punzi di Giugliano la prima edizione del corso in gestione e direzione d&#039;azienda.\" \/>\r\n<meta property=\"og:url\" content=\"http:\/\/www.inambiente.it\/index.php\/2015\/06\/giugliano-scuola-dimpresa-si-e-conclusa-la-prima-edizione-del-corso-in-gestione-e-direzione-dazienda\/\" \/>\r\n<meta property=\"og:site_name\" content=\"InAmbienTe\" \/>\r\n<meta property=\"article:publisher\" content=\"https:\/\/www.facebook.com\/inambiente\" \/>\r\n<meta property=\"article:published_time\" content=\"2015-06-09T08:41:48+00:00\" \/>\r\n<meta property=\"og:image\" content=\"http:\/\/www.giuglianoscuoladimpresa.com\/wp-content\/uploads\/2015\/01\/logoSDI650.jpg\" \/>\r\n<meta name=\"twitter:card\" content=\"summary\" \/>\r\n<script type=\"application\/ld+json\" class=\"yoast-schema-graph\">{\"@context\":\"https:\/\/schema.org\",\"@graph\":[{\"@type\":\"WebSite\",\"@id\":\"https:\/\/www.inambiente.it\/#website\",\"url\":\"https:\/\/www.inambiente.it\/\",\"name\":\"InAmbienTe\",\"description\":\"Il Portale degli Studenti di Ingegneria\",\"potentialAction\":[{\"@type\":\"SearchAction\",\"target\":\"https:\/\/www.inambiente.it\/?s={search_term_string}\",\"query-input\":\"required name=search_term_string\"}],\"inLanguage\":\"it-IT\"},{\"@type\":\"ImageObject\",\"@id\":\"http:\/\/www.inambiente.it\/index.php\/2015\/06\/giugliano-scuola-dimpresa-si-e-conclusa-la-prima-edizione-del-corso-in-gestione-e-direzione-dazienda\/#primaryimage\",\"inLanguage\":\"it-IT\",\"url\":\"http:\/\/www.giuglianoscuoladimpresa.com\/wp-content\/uploads\/2015\/01\/logoSDI650.jpg\"},{\"@type\":\"WebPage\",\"@id\":\"http:\/\/www.inambiente.it\/index.php\/2015\/06\/giugliano-scuola-dimpresa-si-e-conclusa-la-prima-edizione-del-corso-in-gestione-e-direzione-dazienda\/#webpage\",\"url\":\"http:\/\/www.inambiente.it\/index.php\/2015\/06\/giugliano-scuola-dimpresa-si-e-conclusa-la-prima-edizione-del-corso-in-gestione-e-direzione-dazienda\/\",\"name\":\"Giugliano Scuola d'Impresa: si \\u00e8 conclusa la prima edizione.\",\"isPartOf\":{\"@id\":\"https:\/\/www.inambiente.it\/#website\"},\"primaryImageOfPage\":{\"@id\":\"http:\/\/www.inambiente.it\/index.php\/2015\/06\/giugliano-scuola-dimpresa-si-e-conclusa-la-prima-edizione-del-corso-in-gestione-e-direzione-dazienda\/#primaryimage\"},\"datePublished\":\"2015-06-09T08:41:48+00:00\",\"dateModified\":\"2015-06-09T08:41:48+00:00\",\"author\":{\"@id\":\"https:\/\/www.inambiente.it\/#\/schema\/person\/5518ecc20e8869b76680d825685acee9\"},\"description\":\"Giugliano scuola d'impresa, si \\u00e8 chiusa presso la GMA di Angelo Punzi di Giugliano la prima edizione del corso in gestione e direzione d'azienda.\",\"inLanguage\":\"it-IT\",\"potentialAction\":[{\"@type\":\"ReadAction\",\"target\":[\"http:\/\/www.inambiente.it\/index.php\/2015\/06\/giugliano-scuola-dimpresa-si-e-conclusa-la-prima-edizione-del-corso-in-gestione-e-direzione-dazienda\/\"]}]},{\"@type\":\"Person\",\"@id\":\"https:\/\/www.inambiente.it\/#\/schema\/person\/5518ecc20e8869b76680d825685acee9\",\"name\":\"Domenico Di Nardo\",\"image\":{\"@type\":\"ImageObject\",\"@id\":\"https:\/\/www.inambiente.it\/#personlogo\",\"inLanguage\":\"it-IT\",\"url\":\"https:\/\/secure.gravatar.com\/avatar\/aabcf4979f8cee415e34471172295b9c?s=96&d=mm&r=g\",\"caption\":\"Domenico Di Nardo\"},\"sameAs\":[\"http:\/\/www.inambiente.it\"]}]}<\/script>\r\n<!-- \/ Yoast SEO plugin. -->","_links":{"self":[{"href":"https:\/\/www.inambiente.it\/index.php\/wp-json\/wp\/v2\/posts\/1254"}],"collection":[{"href":"https:\/\/www.inambiente.it\/index.php\/wp-json\/wp\/v2\/posts"}],"about":[{"href":"https:\/\/www.inambiente.it\/index.php\/wp-json\/wp\/v2\/types\/post"}],"author":[{"embeddable":true,"href":"https:\/\/www.inambiente.it\/index.php\/wp-json\/wp\/v2\/users\/1"}],"replies":[{"embeddable":true,"href":"https:\/\/www.inambiente.it\/index.php\/wp-json\/wp\/v2\/comments?post=1254"}],"version-history":[{"count":1,"href":"https:\/\/www.inambiente.it\/index.php\/wp-json\/wp\/v2\/posts\/1254\/revisions"}],"predecessor-version":[{"id":1255,"href":"https:\/\/www.inambiente.it\/index.php\/wp-json\/wp\/v2\/posts\/1254\/revisions\/1255"}],"wp:attachment":[{"href":"https:\/\/www.inambiente.it\/index.php\/wp-json\/wp\/v2\/media?parent=1254"}],"wp:term":[{"taxonomy":"category","embeddable":true,"href":"https:\/\/www.inambiente.it\/index.php\/wp-json\/wp\/v2\/categories?post=1254"},{"taxonomy":"post_tag","embeddable":true,"href":"https:\/\/www.inambiente.it\/index.php\/wp-json\/wp\/v2\/tags?post=1254"}],"curies":[{"name":"wp","href":"https:\/\/api.w.org\/{rel}","templated":true}]}}