{"id":90,"date":"2007-05-25T02:22:18","date_gmt":"2007-05-25T00:22:18","guid":{"rendered":"http:\/\/www.inambiente.it\/inblog\/?p=53"},"modified":"2007-05-25T02:22:18","modified_gmt":"2007-05-25T00:22:18","slug":"il-lento-risollevarsi-dellombra-del-vesuvio","status":"publish","type":"post","link":"http:\/\/www.inambiente.it\/index.php\/2007\/05\/il-lento-risollevarsi-dellombra-del-vesuvio\/","title":{"rendered":"Il lento risollevarsi dell&#039;ombra del vesuvio."},"content":{"rendered":"<div id=\"ri_adv_end_content\"><script async src=\"\/\/pagead2.googlesyndication.com\/pagead\/js\/adsbygoogle.js\"><\/script>\r\n\t\t\t\t<!-- Appunti Ingegneria -->\r\n\t\t\t\t<ins class=\"adsbygoogle\"\r\n\t\t\t\t\t style=\"display:block\"\r\n\t\t\t\t\t data-ad-client=\"ca-pub-5194127282884067\"\r\n\t\t\t\t\t data-ad-slot=\"8299779634\"\r\n\t\t\t\t\t data-ad-format=\"auto\"><\/ins>\r\n\t\t\t\t<script>\r\n\t\t\t\t(adsbygoogle = window.adsbygoogle || []).push({});\r\n\t\t\t\t<\/script><\/div><p>Un paio di giorni fa, o forse uno, ho letto un articolo su un post che trattava della pessima situazione che vive Napoli in questo periodo (io direi <em>da quando mi ricordo di ricordare<\/em>). Nell&#8217;articolo, che non ho condiviso, si faceva apertamente e ripetutamente riferimento all&#8217;invio dell&#8217;esercito a Napoli, affermando che solo con un&#8217;azione repressiva nei confronti dei delinquenti e della popolazione che li protegge, si pu\u00f2 arrivare a creare un sistema all&#8217;interno del quale il buon cittadino possa mostrare la testa e farsi sentire.<\/p>\n<p>Seguire questa strada sarebbe come dimenticare la storia. Ci sono state numerose politiche repressive, basti fare una ricerca su google per trovare riferimenti storici a decine, e tutte con un fine comune: il fallimento. Un popolo, soprattutto quello napoletano, che ha radicato nei propri usi e nel proprio sistema sociale una forma di anarchia e di non appartenenza allo stato (<em>tanto niscune se ne fotte!!<\/em>), pu\u00f2 essere indotto a ricredersi solo se gli si dimostra il contrario (<em>a nuje nce ne fotte&#8230; e come!!<\/em>).<\/p>\n<p>Io sono napoletano, ci sono nato a Napoli, sono andato a scuola Napoli (prima al Geometra di Via Foria e poi all&#8217;universit\u00e0 di Fuori Grotta) e se non avessi avuto un&#8217;educazione semplice come solo due genitori figli della campagna come i miei sanno dare, sentirei forte l&#8217;assenza dello stato (in quanto stato). Per non tergiversare e per non appallare chi legge (almeno spero che lettori ce ne\u00c2\u00a0siano) vi riporto una storiella che ho scritto due anni fa su <a target=\"_blank\" href=\"http:\/\/www.internapoli.it\/articolo.asp?id=4161\" title=\"Teoria della finestra rotta\">InterNapoli<\/a>, storia che ha come spunto una geniale e semplice intuizione di due crimilogi americani: &#8220;la teoria della finestra rotta&#8221; e che credo possa essere lo spunto per una p\u00f9 corretta impostazione del problema e della sua soluzione (se mai se ne avesse l&#8217;intenzione di cercarla!!).<\/p>\n<blockquote><p>\u00e2\u20ac\u0153L&#8217;ormai noto Gennaro Esposito (<em>soggetto gi\u00e0 di altre mie storielle, \u00e8 una &#8220;brava persona &#8220;. domdin<\/em>), per andare a lavoro, fa un tratto di strada che costeggia un edificio di pubblica utilit\u00e0 con i mattoncini rossi, osserva sempre la fila ordinata di finestre che affacciano sulla strada e prosegue verso l&#8217;ufficio.<br \/>\nGennaro Mezzarecchia (<em>soggetto di altre mie storielle, \u00e8 il delinquente di turno. dom<\/em>din), la mattina non ha niente da fare perch\u00c3\u00a9 non sempre c&#8217;\u00e8 la possibilit\u00e0 di rapinare qualcuno e, un bel giorno, si ritrova ad osservare la bella fila di finestre dell&#8217;edificio pubblico con i mattincini rossi che il signor Esposito apprezza tanto. Si avvicina furtivamente ad una di queste finestre e senza una plausibile ragione ne rompe una. La quiete cala sulla citt\u00e0 e la notte avvolge i nostri due amici.<\/p>\n<p>La mattina dopo, Gennaro Esposito si appresta a costeggiare il palazzo di pubblica utilit\u00e0 dai mattoncini rossi e nota, con grande stupore, che una delle finestre \u00e8 rotta. Rimane negativamente colpito ma prosegue, -l&#8217;aggiusteranno- pensa ingenuamente.<br \/>\nPoche ore dopo, l&#8217;acerrimo nemico del Mezzarecchia, Ginino Mazzacorta, nota che una delle finestre del palazzo di pubblica utilit\u00e0 con i mattoncini rossi \u00e8 stata rotta. Si avvicina con passo felpato e ne rompe un&#8217;altra con un bel colpo assestato proprio nel mezzo. La quiete cala sulla citt\u00e0 e la notte avvolge i nostri tre amici.<\/p>\n<p>La mattina dopo per Gennaro Esposito \u00e8 di nuovo un colpo. Raggiunto l&#8217;edificio di pubblica utilit\u00e0 con i mattoncini rossi si accorge che non solo la finestra rotta non \u00e8 stata aggiustata ma che ne \u00e8 stata rotta un&#8217;altra. \u00e2\u20ac\u201cChe razza di citt\u00e0 \u00e8 questa!- pensa indignato il nostro onesto cittadino prima di proseguire verso l&#8217;ufficio.<br \/>\nPochi minuti dopo, Gennaro Mazzacorta ha in mano la foto di una felice famigliola che ha appena trovato in un portafogli poco prima sfilato in un autobus di linea, la contempla per un secondo e la butta nel cassonetto dell&#8217;immondizia che costeggia il palazzo dai mattoncini rossi. Osserva con stupore che le finestre rotte sono due, fa un mezzo sorriso di soddisfazione e con un calcio al cassonetto ne rovescia il contenuto per la strada. \u00e2\u20ac\u201cTanto nisciuno dice niente!- pensa il nostro odiato delinquente.<br \/>\nA completare la giornata ci pensa il Mazzacorta che osserva le finestre ancora rotte e l&#8217;immondizia per la strada. Raccoglie dalla tasca un fiammifero, da&#8217; fuoco ad un pezzetto di carta, lo butta sul cumulo di sacchetti della spazzatura e torna da dove \u00e8 venuto. Alle sue spalle le fiamme prendono corpo in un riverbero di luci e calore, tra i sacchetti e le bottiglie di vetro mestamente brucia la foto di una ignara e felice famigliola.<\/p>\n<p>La quiete cala sulla citt\u00e0 e un acre odore avvolge il palazzo di pubblica utilit\u00e0 dai mattoncini rossi&#8230; Trascorre un mese.<\/p>\n<p>L&#8217;onesto cittadino Gennaro Esposito non costeggia p\u00f9 il palazzo di pubblica utilit\u00e0, \u00e8 stato costretto a cambiare percorso. Ormai nell&#8217;edificio dai mattoncini rossi regna il degrado: tutte le finestre sono state rotte, le porte divelte, la strada \u00e8 un cumulo ininterrotto di immondizia da cui si sprigiona sempre del fumo denso e nauseabondo, all&#8217;angolo Gennaro Mezzarecchia spaccia ogni tipo di stupefacente e nell&#8217;edificio hanno trovato dimora una serie di prostitute efficientemente gestite da Gigino Mazzacorta che sembra aver fatto un accordo con Mezzarecchia.<br \/>\n\u00e2\u20ac\u201cL&#8217;aggiusteranno \u00e2\u20ac\u201c aveva pensato Gennaro Esposito quando aveva visto la prima finestra rotta. \u00e2\u20ac\u201cL&#8217;avessi aggiustata io! \u00e2\u20ac\u201c pensa ora nel vedere cosa \u00e8 successo per quel misero ed insignificante gesto.\u00e2\u20ac\u009d<\/p><\/blockquote>\n<p>Ecco che da un piccolo gesto, compiuto da un singolo individuo, si scatena una serie interminabile di eventi che porta al degrado e all&#8217;isolamento. Ecco che sono proprio i piccoli gesti a consentire la comune e civile convivenza.[&#8230;].<\/p>\n<p>Sarebbe un&#8217;azione lenta, che colpisce la citt\u00e0 dalla radice, certo non ci ammazzi la camorra ma di sicuro la rendi meno forte. Credo che sarebbe la strada giusta per risvegliare l&#8217;ombra del Vesuvio&#8230; la nostra amata Napoli.<\/p>\n","protected":false},"excerpt":{"rendered":"<p>Un paio di giorni fa, o forse uno, ho letto un articolo su un post che trattava della pessima situazione che vive Napoli in questo periodo (io direi da quando mi ricordo di ricordare). Nell&#8217;articolo, che non ho condiviso, si faceva apertamente e ripetutamente riferimento all&#8217;invio dell&#8217;esercito a Napoli, affermando che solo con un&#8217;azione repressiva [&hellip;]<\/p>\n","protected":false},"author":24,"featured_media":0,"comment_status":"open","ping_status":"open","sticky":false,"template":"","format":"standard","meta":{"_links_to":"","_links_to_target":""},"categories":[1],"tags":[],"yoast_head":"<!-- This site is optimized with the Yoast SEO plugin v15.1.1 - https:\/\/yoast.com\/wordpress\/plugins\/seo\/ -->\r\n<meta name=\"robots\" content=\"index, follow, max-snippet:-1, max-image-preview:large, max-video-preview:-1\" \/>\r\n<link rel=\"canonical\" href=\"https:\/\/www.inambiente.it\/index.php\/2007\/05\/il-lento-risollevarsi-dellombra-del-vesuvio\/\" \/>\r\n<meta property=\"og:locale\" content=\"it_IT\" \/>\r\n<meta property=\"og:type\" content=\"article\" \/>\r\n<meta property=\"og:title\" content=\"Il lento risollevarsi dell&#039;ombra del vesuvio. - InAmbienTe\" \/>\r\n<meta property=\"og:description\" content=\"Un paio di giorni fa, o forse uno, ho letto un articolo su un post che trattava della pessima situazione che vive Napoli in questo periodo (io direi da quando mi ricordo di ricordare). Nell&#8217;articolo, che non ho condiviso, si faceva apertamente e ripetutamente riferimento all&#8217;invio dell&#8217;esercito a Napoli, affermando che solo con un&#8217;azione repressiva [&hellip;]\" \/>\r\n<meta property=\"og:url\" content=\"https:\/\/www.inambiente.it\/index.php\/2007\/05\/il-lento-risollevarsi-dellombra-del-vesuvio\/\" \/>\r\n<meta property=\"og:site_name\" content=\"InAmbienTe\" \/>\r\n<meta property=\"article:publisher\" content=\"https:\/\/www.facebook.com\/inambiente\" \/>\r\n<meta property=\"article:published_time\" content=\"2007-05-25T00:22:18+00:00\" \/>\r\n<meta name=\"twitter:card\" content=\"summary\" \/>\r\n<script type=\"application\/ld+json\" class=\"yoast-schema-graph\">{\"@context\":\"https:\/\/schema.org\",\"@graph\":[{\"@type\":\"WebSite\",\"@id\":\"http:\/\/www.inambiente.it\/#website\",\"url\":\"http:\/\/www.inambiente.it\/\",\"name\":\"InAmbienTe\",\"description\":\"Il Portale degli Studenti di Ingegneria\",\"potentialAction\":[{\"@type\":\"SearchAction\",\"target\":\"http:\/\/www.inambiente.it\/?s={search_term_string}\",\"query-input\":\"required name=search_term_string\"}],\"inLanguage\":\"it-IT\"},{\"@type\":\"WebPage\",\"@id\":\"https:\/\/www.inambiente.it\/index.php\/2007\/05\/il-lento-risollevarsi-dellombra-del-vesuvio\/#webpage\",\"url\":\"https:\/\/www.inambiente.it\/index.php\/2007\/05\/il-lento-risollevarsi-dellombra-del-vesuvio\/\",\"name\":\"Il lento risollevarsi dell&#039;ombra del vesuvio. - InAmbienTe\",\"isPartOf\":{\"@id\":\"http:\/\/www.inambiente.it\/#website\"},\"datePublished\":\"2007-05-25T00:22:18+00:00\",\"dateModified\":\"2007-05-25T00:22:18+00:00\",\"author\":{\"@id\":\"http:\/\/www.inambiente.it\/#\/schema\/person\/bf7848da8913bb9e7b9a040a14c8df85\"},\"inLanguage\":\"it-IT\",\"potentialAction\":[{\"@type\":\"ReadAction\",\"target\":[\"https:\/\/www.inambiente.it\/index.php\/2007\/05\/il-lento-risollevarsi-dellombra-del-vesuvio\/\"]}]},{\"@type\":\"Person\",\"@id\":\"http:\/\/www.inambiente.it\/#\/schema\/person\/bf7848da8913bb9e7b9a040a14c8df85\",\"name\":\"domdin\",\"image\":{\"@type\":\"ImageObject\",\"@id\":\"http:\/\/www.inambiente.it\/#personlogo\",\"inLanguage\":\"it-IT\",\"url\":\"http:\/\/1.gravatar.com\/avatar\/18160cdd31d624be75915209b6e50fa2?s=96&d=mm&r=g\",\"caption\":\"domdin\"}}]}<\/script>\r\n<!-- \/ Yoast SEO plugin. -->","_links":{"self":[{"href":"http:\/\/www.inambiente.it\/index.php\/wp-json\/wp\/v2\/posts\/90"}],"collection":[{"href":"http:\/\/www.inambiente.it\/index.php\/wp-json\/wp\/v2\/posts"}],"about":[{"href":"http:\/\/www.inambiente.it\/index.php\/wp-json\/wp\/v2\/types\/post"}],"author":[{"embeddable":true,"href":"http:\/\/www.inambiente.it\/index.php\/wp-json\/wp\/v2\/users\/24"}],"replies":[{"embeddable":true,"href":"http:\/\/www.inambiente.it\/index.php\/wp-json\/wp\/v2\/comments?post=90"}],"version-history":[{"count":0,"href":"http:\/\/www.inambiente.it\/index.php\/wp-json\/wp\/v2\/posts\/90\/revisions"}],"wp:attachment":[{"href":"http:\/\/www.inambiente.it\/index.php\/wp-json\/wp\/v2\/media?parent=90"}],"wp:term":[{"taxonomy":"category","embeddable":true,"href":"http:\/\/www.inambiente.it\/index.php\/wp-json\/wp\/v2\/categories?post=90"},{"taxonomy":"post_tag","embeddable":true,"href":"http:\/\/www.inambiente.it\/index.php\/wp-json\/wp\/v2\/tags?post=90"}],"curies":[{"name":"wp","href":"https:\/\/api.w.org\/{rel}","templated":true}]}}