{"id":688,"date":"2012-05-02T16:15:20","date_gmt":"2012-05-02T16:15:20","guid":{"rendered":"http:\/\/www.inambiente.it\/?p=688"},"modified":"2012-05-08T14:01:48","modified_gmt":"2012-05-08T12:01:48","slug":"inambiente-it-ritorna-nuova-veste-grafica-per-il-portale-degli-studenti-di-ingegneria","status":"publish","type":"post","link":"http:\/\/www.inambiente.it\/index.php\/2012\/05\/inambiente-it-ritorna-nuova-veste-grafica-per-il-portale-degli-studenti-di-ingegneria\/","title":{"rendered":"InAmbiente.it ritorna: nuova veste grafica per il portale degli studenti di ingegneria"},"content":{"rendered":"<div id=\"ri_adv_end_content\"><script async src=\"\/\/pagead2.googlesyndication.com\/pagead\/js\/adsbygoogle.js\"><\/script>\r\n\t\t\t\t<!-- Appunti Ingegneria -->\r\n\t\t\t\t<ins class=\"adsbygoogle\"\r\n\t\t\t\t\t style=\"display:block\"\r\n\t\t\t\t\t data-ad-client=\"ca-pub-5194127282884067\"\r\n\t\t\t\t\t data-ad-slot=\"8299779634\"\r\n\t\t\t\t\t data-ad-format=\"auto\"><\/ins>\r\n\t\t\t\t<script>\r\n\t\t\t\t(adsbygoogle = window.adsbygoogle || []).push({});\r\n\t\t\t\t<\/script><\/div><p><a href=\"http:\/\/www.inambiente.it\/wp-content\/uploads\/2012\/05\/ia_new2.png\"><img loading=\"lazy\" class=\"aligncenter size-medium wp-image-702\" title=\"ia_new\" src=\"http:\/\/www.inambiente.it\/wp-content\/uploads\/2012\/05\/ia_new2-300x170.png\" alt=\"\" width=\"300\" height=\"170\" srcset=\"http:\/\/www.inambiente.it\/wp-content\/uploads\/2012\/05\/ia_new2-300x170.png 300w, http:\/\/www.inambiente.it\/wp-content\/uploads\/2012\/05\/ia_new2.png 451w\" sizes=\"(max-width: 300px) 100vw, 300px\" \/><\/a><\/p>\n<p>Non una rivoluzione ma semplicemente un ritorno. Era da tempo che avevo abbandonato lo sviluppo del nuovo sito, ma grazie alla passione, alla pazienza e ad un po&#8217; (molto!!) sacrificio, sono riuscito a far resuscitare il vecchio portale.<\/p>\n<p>Le novit\u00e0 sono poche ma buone, ve le elenco:<\/p>\n<ol>\n<li>tutto il portale si basa sulla piattaforma wordpress, prima il sito era in .asp con il solo blog in .php;<\/li>\n<li>il forum \u00e8 simile ma la piattaforma \u00e8 cambiata, spero non ci saranno problemi nel recuperare le vecchie discussione n\u00e9 tanto meno nel crearne di nuove. <strong>ATTENZIONE: per scrivere nel forum \u00e8 comunque necessario fare l&#8217;accesso con il vostro account, il nome utente \u00e8 rimasto invariato ma sar\u00e0 necessario richiedere una nuova password<\/strong>. Alla fine dell&#8217;articolo vi spiego come fare;<\/li>\n<li>Gli appunti sono disponibili nella solita sezione strutturata per corso di studi, baster\u00e0 cliccare sulla materia di interesse e scaricare gli appunti. <strong>ATTENZIONE: per scaricare gli appunti \u00e8 necessario collegarsi con il proprio account;<\/strong><\/li>\n<li>Dalla home page \u00e8 possibile cercare gli appunti tramite l&#8217;apposito campo cerca;<\/li>\n<li>Non c&#8217;\u00e8 pi\u00f9 la sezione per l&#8217;upload, chi volesse condividere gli appunti lo pu\u00f2 fare inviandoli direttamente ad <a href=\"mailto:appunti@inambiente.it\">appunti@inambiente.it<\/a>;<\/li>\n<\/ol>\n<p><strong>Chi volesse recuperare la password deve collegarsi alla pagina del <a title=\"login\" href=\"http:\/\/www.inambiente.it\/wp-login.php\" target=\"_blank\">login<\/a>\u00a0(nel menu a alto) e cliccare su &#8220;<a title=\"lost password\" href=\"http:\/\/www.inambiente.it\/wp-login.php?action=lostpassword\" target=\"_blank\">\u00e8 stata persa la password?<\/a>&#8220;.<\/strong><\/p>\n<p>Per ogni commento o perplessit\u00e0 utilizzate la funzione commenti oppure scrivete a <a href=\"mailto:info@inambiente.it\" target=\"_blank\">info@inambiente.it<\/a><\/p>\n","protected":false},"excerpt":{"rendered":"<p>Non una rivoluzione ma semplicemente un ritorno. Era da tempo che avevo abbandonato lo sviluppo del nuovo sito, ma grazie alla passione, alla pazienza e ad un po&#8217; (molto!!) sacrificio, sono riuscito a far resuscitare il vecchio portale. Le novit\u00e0 sono poche ma buone, ve le elenco: tutto il portale si basa sulla piattaforma wordpress, [&hellip;]<\/p>\n","protected":false},"author":1,"featured_media":710,"comment_status":"open","ping_status":"open","sticky":false,"template":"","format":"standard","meta":{"_links_to":"","_links_to_target":""},"categories":[1],"tags":[],"yoast_head":"<!-- This site is optimized with the Yoast SEO plugin v15.1.1 - https:\/\/yoast.com\/wordpress\/plugins\/seo\/ -->\r\n<meta name=\"robots\" content=\"index, follow, max-snippet:-1, max-image-preview:large, max-video-preview:-1\" \/>\r\n<link rel=\"canonical\" href=\"http:\/\/www.inambiente.it\/index.php\/2012\/05\/inambiente-it-ritorna-nuova-veste-grafica-per-il-portale-degli-studenti-di-ingegneria\/\" \/>\r\n<meta property=\"og:locale\" content=\"it_IT\" \/>\r\n<meta property=\"og:type\" content=\"article\" \/>\r\n<meta property=\"og:title\" content=\"InAmbiente.it ritorna: nuova veste grafica per il portale degli studenti di ingegneria - InAmbienTe\" \/>\r\n<meta property=\"og:description\" content=\"Non una rivoluzione ma semplicemente un ritorno. Era da tempo che avevo abbandonato lo sviluppo del nuovo sito, ma grazie alla passione, alla pazienza e ad un po&#8217; (molto!!) sacrificio, sono riuscito a far resuscitare il vecchio portale. Le novit\u00e0 sono poche ma buone, ve le elenco: tutto il portale si basa sulla piattaforma wordpress, [&hellip;]\" \/>\r\n<meta property=\"og:url\" content=\"http:\/\/www.inambiente.it\/index.php\/2012\/05\/inambiente-it-ritorna-nuova-veste-grafica-per-il-portale-degli-studenti-di-ingegneria\/\" \/>\r\n<meta property=\"og:site_name\" content=\"InAmbienTe\" \/>\r\n<meta property=\"article:publisher\" content=\"https:\/\/www.facebook.com\/inambiente\" \/>\r\n<meta property=\"article:published_time\" content=\"2012-05-02T16:15:20+00:00\" \/>\r\n<meta property=\"article:modified_time\" content=\"2012-05-08T12:01:48+00:00\" \/>\r\n<meta property=\"og:image\" content=\"http:\/\/www.inambiente.it\/wp-content\/uploads\/2012\/05\/ia_new3.png\" \/>\r\n\t<meta property=\"og:image:width\" content=\"600\" \/>\r\n\t<meta property=\"og:image:height\" content=\"257\" \/>\r\n<meta name=\"twitter:card\" content=\"summary\" \/>\r\n<script type=\"application\/ld+json\" class=\"yoast-schema-graph\">{\"@context\":\"https:\/\/schema.org\",\"@graph\":[{\"@type\":\"WebSite\",\"@id\":\"http:\/\/www.inambiente.it\/#website\",\"url\":\"http:\/\/www.inambiente.it\/\",\"name\":\"InAmbienTe\",\"description\":\"Il Portale degli Studenti di Ingegneria\",\"potentialAction\":[{\"@type\":\"SearchAction\",\"target\":\"http:\/\/www.inambiente.it\/?s={search_term_string}\",\"query-input\":\"required name=search_term_string\"}],\"inLanguage\":\"it-IT\"},{\"@type\":\"ImageObject\",\"@id\":\"http:\/\/www.inambiente.it\/index.php\/2012\/05\/inambiente-it-ritorna-nuova-veste-grafica-per-il-portale-degli-studenti-di-ingegneria\/#primaryimage\",\"inLanguage\":\"it-IT\",\"url\":\"http:\/\/www.inambiente.it\/wp-content\/uploads\/2012\/05\/ia_new3.png\",\"width\":\"600\",\"height\":\"257\"},{\"@type\":\"WebPage\",\"@id\":\"http:\/\/www.inambiente.it\/index.php\/2012\/05\/inambiente-it-ritorna-nuova-veste-grafica-per-il-portale-degli-studenti-di-ingegneria\/#webpage\",\"url\":\"http:\/\/www.inambiente.it\/index.php\/2012\/05\/inambiente-it-ritorna-nuova-veste-grafica-per-il-portale-degli-studenti-di-ingegneria\/\",\"name\":\"InAmbiente.it ritorna: nuova veste grafica per il portale degli studenti di ingegneria - InAmbienTe\",\"isPartOf\":{\"@id\":\"http:\/\/www.inambiente.it\/#website\"},\"primaryImageOfPage\":{\"@id\":\"http:\/\/www.inambiente.it\/index.php\/2012\/05\/inambiente-it-ritorna-nuova-veste-grafica-per-il-portale-degli-studenti-di-ingegneria\/#primaryimage\"},\"datePublished\":\"2012-05-02T16:15:20+00:00\",\"dateModified\":\"2012-05-08T12:01:48+00:00\",\"author\":{\"@id\":\"http:\/\/www.inambiente.it\/#\/schema\/person\/5518ecc20e8869b76680d825685acee9\"},\"inLanguage\":\"it-IT\",\"potentialAction\":[{\"@type\":\"ReadAction\",\"target\":[\"http:\/\/www.inambiente.it\/index.php\/2012\/05\/inambiente-it-ritorna-nuova-veste-grafica-per-il-portale-degli-studenti-di-ingegneria\/\"]}]},{\"@type\":\"Person\",\"@id\":\"http:\/\/www.inambiente.it\/#\/schema\/person\/5518ecc20e8869b76680d825685acee9\",\"name\":\"Domenico Di Nardo\",\"image\":{\"@type\":\"ImageObject\",\"@id\":\"http:\/\/www.inambiente.it\/#personlogo\",\"inLanguage\":\"it-IT\",\"url\":\"http:\/\/1.gravatar.com\/avatar\/aabcf4979f8cee415e34471172295b9c?s=96&d=mm&r=g\",\"caption\":\"Domenico Di Nardo\"},\"sameAs\":[\"http:\/\/www.inambiente.it\"]}]}<\/script>\r\n<!-- \/ Yoast SEO plugin. -->","_links":{"self":[{"href":"http:\/\/www.inambiente.it\/index.php\/wp-json\/wp\/v2\/posts\/688"}],"collection":[{"href":"http:\/\/www.inambiente.it\/index.php\/wp-json\/wp\/v2\/posts"}],"about":[{"href":"http:\/\/www.inambiente.it\/index.php\/wp-json\/wp\/v2\/types\/post"}],"author":[{"embeddable":true,"href":"http:\/\/www.inambiente.it\/index.php\/wp-json\/wp\/v2\/users\/1"}],"replies":[{"embeddable":true,"href":"http:\/\/www.inambiente.it\/index.php\/wp-json\/wp\/v2\/comments?post=688"}],"version-history":[{"count":15,"href":"http:\/\/www.inambiente.it\/index.php\/wp-json\/wp\/v2\/posts\/688\/revisions"}],"predecessor-version":[{"id":783,"href":"http:\/\/www.inambiente.it\/index.php\/wp-json\/wp\/v2\/posts\/688\/revisions\/783"}],"wp:featuredmedia":[{"embeddable":true,"href":"http:\/\/www.inambiente.it\/index.php\/wp-json\/wp\/v2\/media\/710"}],"wp:attachment":[{"href":"http:\/\/www.inambiente.it\/index.php\/wp-json\/wp\/v2\/media?parent=688"}],"wp:term":[{"taxonomy":"category","embeddable":true,"href":"http:\/\/www.inambiente.it\/index.php\/wp-json\/wp\/v2\/categories?post=688"},{"taxonomy":"post_tag","embeddable":true,"href":"http:\/\/www.inambiente.it\/index.php\/wp-json\/wp\/v2\/tags?post=688"}],"curies":[{"name":"wp","href":"https:\/\/api.w.org\/{rel}","templated":true}]}}