{"id":673,"date":"2012-05-02T10:25:44","date_gmt":"2012-05-02T10:25:44","guid":{"rendered":"http:\/\/www.inambiente.it\/?p=673"},"modified":"2012-05-05T12:02:40","modified_gmt":"2012-05-05T10:02:40","slug":"il-ministro-clini-punta-sui-giovani-hanno-capacita-e-competenze","status":"publish","type":"post","link":"http:\/\/www.inambiente.it\/index.php\/2012\/05\/il-ministro-clini-punta-sui-giovani-hanno-capacita-e-competenze\/","title":{"rendered":"Il Ministro Clini punta sui giovani: &#8220;Hanno capacit\u00e0 e competenze&#8221;"},"content":{"rendered":"<div id=\"ri_adv_end_content\"><script async src=\"\/\/pagead2.googlesyndication.com\/pagead\/js\/adsbygoogle.js\"><\/script>\r\n\t\t\t\t<!-- Appunti Ingegneria -->\r\n\t\t\t\t<ins class=\"adsbygoogle\"\r\n\t\t\t\t\t style=\"display:block\"\r\n\t\t\t\t\t data-ad-client=\"ca-pub-5194127282884067\"\r\n\t\t\t\t\t data-ad-slot=\"8299779634\"\r\n\t\t\t\t\t data-ad-format=\"auto\"><\/ins>\r\n\t\t\t\t<script>\r\n\t\t\t\t(adsbygoogle = window.adsbygoogle || []).push({});\r\n\t\t\t\t<\/script><\/div><div style=\"width: 255px\" class=\"wp-caption alignleft\"><img loading=\"lazy\" title=\"Clini\" src=\"http:\/\/www.minambiente.it\/export\/sites\/default\/archivio_immagini\/ministro\/clini_laternanense.jpg_2136019674.jpg\" alt=\"Clini\" width=\"245\" height=\"300\" \/><p class=\"wp-caption-text\">Clini<\/p><\/div>\n<p>\u00abCi attardiamo troppo su schemi e categorie sociali che sono quelle del secolo scorso, e non ci accorgiamo che a fronte di milioni di lavoratori in cassa integrazione, che sono i lavoratori rimasti fuori dalla produzione perch\u00e8 \u00e8 cambiato il mondo, abbiamo milioni di giovani che invece hanno la capacit\u00e0 e la competenza per entrare nella partita e che non riescono a entrare, perch\u00e8 la nostra attenzione \u00e8 purtroppo eccessivamente ancorata al passato\u00bb.<\/p>\n<p>E\u2019 quanto ha dichiarato il ministro dell\u2019Ambiente Corrado Clini questo pomeriggio nell\u2019ambito del seminario \u201cEconomia, ambiente, uomo. La questione ecologica oggi\u201d, che si \u00e8 svolto presso la Pontificia universit\u00e0 lateranense.<\/p>\n<p>Un\u2019iniziativa che rientra nelle attivit\u00e0 del corso di alta formazione \u201cEtica, finanza, sviluppo\u201d promosso dall\u2019area internazionale di ricerca \u201cCaritas in veritate\u201d dell\u2019ateneo lateranense e dall\u2019Accademia internazionale per lo sviluppo economico e sociale (Aises), in collaborazione con l\u2019Ufficio per la pastorale universitaria del Vicariato di Roma.<\/p>\n<p>\u00abCredo che l\u2019Italia debba posizionarsi guardando all\u2019Europa ed al contesto globale, e che per far questo deve scegliere le eccellenze che ha gi\u00e0 a disposizione per competere \u2013 ha poi aggiunto Clini \u2013. I troppi confronti che abbiamo in corso nel nostro Paese, come quello sull\u2019articolo 18 o quello sulle energie rinnovabili, danno invece l\u2019idea di un paese che ancora immagina di essere nella struttura economica ed industriale degli anni 70\u00bb.<\/p>\n<p>Infine, al termine della sessione di lavori, il ministro ha sottolineato come nel Def approvato dal governo esista una chiara \u00abindicazione di una strategia di decarbonizzazione dell\u2019economia, per ridurre i fattori di inquinamento e orientare gli investimenti verso tecnologie ambientalmente sostenibili\u00bb.<\/p>\n<p>Fonte: <a title=\"Ministero dell'Ambiente\" href=\"http:\/\/www.minambiente.it\/home_it\/showitem.html?item=\/documenti\/comunicati\/comunicato_0372.html&amp;lang=it\">Ministero dell&#8217;Ambiente<\/a>.<\/p>\n","protected":false},"excerpt":{"rendered":"<p>\u00abCi attardiamo troppo su schemi e categorie sociali che sono quelle del secolo scorso, e non ci accorgiamo che a fronte di milioni di lavoratori in cassa integrazione, che sono i lavoratori rimasti fuori dalla produzione perch\u00e8 \u00e8 cambiato il mondo, abbiamo milioni di giovani che invece hanno la capacit\u00e0 e la competenza per entrare [&hellip;]<\/p>\n","protected":false},"author":1,"featured_media":761,"comment_status":"open","ping_status":"open","sticky":false,"template":"","format":"standard","meta":{"_links_to":"","_links_to_target":""},"categories":[1],"tags":[],"yoast_head":"<!-- This site is optimized with the Yoast SEO plugin v15.1.1 - https:\/\/yoast.com\/wordpress\/plugins\/seo\/ -->\r\n<meta name=\"robots\" content=\"index, follow, max-snippet:-1, max-image-preview:large, max-video-preview:-1\" \/>\r\n<link rel=\"canonical\" href=\"http:\/\/www.inambiente.it\/index.php\/2012\/05\/il-ministro-clini-punta-sui-giovani-hanno-capacita-e-competenze\/\" \/>\r\n<meta property=\"og:locale\" content=\"it_IT\" \/>\r\n<meta property=\"og:type\" content=\"article\" \/>\r\n<meta property=\"og:title\" content=\"Il Ministro Clini punta sui giovani: &quot;Hanno capacit\u00e0 e competenze&quot; - InAmbienTe\" \/>\r\n<meta property=\"og:description\" content=\"\u00abCi attardiamo troppo su schemi e categorie sociali che sono quelle del secolo scorso, e non ci accorgiamo che a fronte di milioni di lavoratori in cassa integrazione, che sono i lavoratori rimasti fuori dalla produzione perch\u00e8 \u00e8 cambiato il mondo, abbiamo milioni di giovani che invece hanno la capacit\u00e0 e la competenza per entrare [&hellip;]\" \/>\r\n<meta property=\"og:url\" content=\"http:\/\/www.inambiente.it\/index.php\/2012\/05\/il-ministro-clini-punta-sui-giovani-hanno-capacita-e-competenze\/\" \/>\r\n<meta property=\"og:site_name\" content=\"InAmbienTe\" \/>\r\n<meta property=\"article:publisher\" content=\"https:\/\/www.facebook.com\/inambiente\" \/>\r\n<meta property=\"article:published_time\" content=\"2012-05-02T10:25:44+00:00\" \/>\r\n<meta property=\"article:modified_time\" content=\"2012-05-05T10:02:40+00:00\" \/>\r\n<meta property=\"og:image\" content=\"http:\/\/www.inambiente.it\/wp-content\/uploads\/2012\/05\/Clini-nucleare.jpg\" \/>\r\n\t<meta property=\"og:image:width\" content=\"330\" \/>\r\n\t<meta property=\"og:image:height\" content=\"220\" \/>\r\n<meta name=\"twitter:card\" content=\"summary\" \/>\r\n<script type=\"application\/ld+json\" class=\"yoast-schema-graph\">{\"@context\":\"https:\/\/schema.org\",\"@graph\":[{\"@type\":\"WebSite\",\"@id\":\"http:\/\/www.inambiente.it\/#website\",\"url\":\"http:\/\/www.inambiente.it\/\",\"name\":\"InAmbienTe\",\"description\":\"Il Portale degli Studenti di Ingegneria\",\"potentialAction\":[{\"@type\":\"SearchAction\",\"target\":\"http:\/\/www.inambiente.it\/?s={search_term_string}\",\"query-input\":\"required name=search_term_string\"}],\"inLanguage\":\"it-IT\"},{\"@type\":\"ImageObject\",\"@id\":\"http:\/\/www.inambiente.it\/index.php\/2012\/05\/il-ministro-clini-punta-sui-giovani-hanno-capacita-e-competenze\/#primaryimage\",\"inLanguage\":\"it-IT\",\"url\":\"http:\/\/www.inambiente.it\/wp-content\/uploads\/2012\/05\/Clini-nucleare.jpg\",\"width\":\"330\",\"height\":\"220\"},{\"@type\":\"WebPage\",\"@id\":\"http:\/\/www.inambiente.it\/index.php\/2012\/05\/il-ministro-clini-punta-sui-giovani-hanno-capacita-e-competenze\/#webpage\",\"url\":\"http:\/\/www.inambiente.it\/index.php\/2012\/05\/il-ministro-clini-punta-sui-giovani-hanno-capacita-e-competenze\/\",\"name\":\"Il Ministro Clini punta sui giovani: \\\"Hanno capacit\\u00e0 e competenze\\\" - InAmbienTe\",\"isPartOf\":{\"@id\":\"http:\/\/www.inambiente.it\/#website\"},\"primaryImageOfPage\":{\"@id\":\"http:\/\/www.inambiente.it\/index.php\/2012\/05\/il-ministro-clini-punta-sui-giovani-hanno-capacita-e-competenze\/#primaryimage\"},\"datePublished\":\"2012-05-02T10:25:44+00:00\",\"dateModified\":\"2012-05-05T10:02:40+00:00\",\"author\":{\"@id\":\"http:\/\/www.inambiente.it\/#\/schema\/person\/5518ecc20e8869b76680d825685acee9\"},\"inLanguage\":\"it-IT\",\"potentialAction\":[{\"@type\":\"ReadAction\",\"target\":[\"http:\/\/www.inambiente.it\/index.php\/2012\/05\/il-ministro-clini-punta-sui-giovani-hanno-capacita-e-competenze\/\"]}]},{\"@type\":\"Person\",\"@id\":\"http:\/\/www.inambiente.it\/#\/schema\/person\/5518ecc20e8869b76680d825685acee9\",\"name\":\"Domenico Di Nardo\",\"image\":{\"@type\":\"ImageObject\",\"@id\":\"http:\/\/www.inambiente.it\/#personlogo\",\"inLanguage\":\"it-IT\",\"url\":\"http:\/\/1.gravatar.com\/avatar\/aabcf4979f8cee415e34471172295b9c?s=96&d=mm&r=g\",\"caption\":\"Domenico Di Nardo\"},\"sameAs\":[\"http:\/\/www.inambiente.it\"]}]}<\/script>\r\n<!-- \/ Yoast SEO plugin. -->","_links":{"self":[{"href":"http:\/\/www.inambiente.it\/index.php\/wp-json\/wp\/v2\/posts\/673"}],"collection":[{"href":"http:\/\/www.inambiente.it\/index.php\/wp-json\/wp\/v2\/posts"}],"about":[{"href":"http:\/\/www.inambiente.it\/index.php\/wp-json\/wp\/v2\/types\/post"}],"author":[{"embeddable":true,"href":"http:\/\/www.inambiente.it\/index.php\/wp-json\/wp\/v2\/users\/1"}],"replies":[{"embeddable":true,"href":"http:\/\/www.inambiente.it\/index.php\/wp-json\/wp\/v2\/comments?post=673"}],"version-history":[{"count":3,"href":"http:\/\/www.inambiente.it\/index.php\/wp-json\/wp\/v2\/posts\/673\/revisions"}],"predecessor-version":[{"id":675,"href":"http:\/\/www.inambiente.it\/index.php\/wp-json\/wp\/v2\/posts\/673\/revisions\/675"}],"wp:featuredmedia":[{"embeddable":true,"href":"http:\/\/www.inambiente.it\/index.php\/wp-json\/wp\/v2\/media\/761"}],"wp:attachment":[{"href":"http:\/\/www.inambiente.it\/index.php\/wp-json\/wp\/v2\/media?parent=673"}],"wp:term":[{"taxonomy":"category","embeddable":true,"href":"http:\/\/www.inambiente.it\/index.php\/wp-json\/wp\/v2\/categories?post=673"},{"taxonomy":"post_tag","embeddable":true,"href":"http:\/\/www.inambiente.it\/index.php\/wp-json\/wp\/v2\/tags?post=673"}],"curies":[{"name":"wp","href":"https:\/\/api.w.org\/{rel}","templated":true}]}}