{"id":56,"date":"2012-04-16T11:05:06","date_gmt":"2012-04-16T11:05:06","guid":{"rendered":"http:\/\/www.inambiente.it\/new\/?p=56"},"modified":"2012-05-04T12:00:15","modified_gmt":"2012-05-04T10:00:15","slug":"decreto-rinnovabili-con-autogol-quella-norma-premia-i-cinesi","status":"publish","type":"post","link":"http:\/\/www.inambiente.it\/index.php\/2012\/04\/decreto-rinnovabili-con-autogol-quella-norma-premia-i-cinesi\/","title":{"rendered":"Decreto rinnovabili con autogol &#8220;Quella norma premia i cinesi&#8221;"},"content":{"rendered":"<div id=\"ri_adv_end_content\"><script async src=\"\/\/pagead2.googlesyndication.com\/pagead\/js\/adsbygoogle.js\"><\/script>\r\n\t\t\t\t<!-- Appunti Ingegneria -->\r\n\t\t\t\t<ins class=\"adsbygoogle\"\r\n\t\t\t\t\t style=\"display:block\"\r\n\t\t\t\t\t data-ad-client=\"ca-pub-5194127282884067\"\r\n\t\t\t\t\t data-ad-slot=\"8299779634\"\r\n\t\t\t\t\t data-ad-format=\"auto\"><\/ins>\r\n\t\t\t\t<script>\r\n\t\t\t\t(adsbygoogle = window.adsbygoogle || []).push({});\r\n\t\t\t\t<\/script><\/div><p>La fretta, si sa, \u00e8 cattiva consigliera, ma a volte prendersela con calma non \u00e8 detto che aiuti. Il decreto sulle rinnovabili extra fotovoltaico \u00e8 stato finalmente presentato mercoled\u00ec dal governo dopo un ritardo di ben sei mesi sui tempi previsti, ma contiene una clamorosa svista che rischia di vanificare uno dei principali obiettivi del provvedimento, ovvero l&#8217;incentivazione di una filiera italiana del settore.<\/p>\n<p>A denunciare l&#8217;errore \u00e8 il senatore del Pd Francesco Ferrante, membro della commissione Ambiente di Palazzo Madama. &#8220;I decreti sulle rinnovabili cos\u00ec come sono non vanno&#8221;, spiega riferendosi anche al Quinto conto energia partorito dai ministri Passera, Clini e Catania. &#8220;Uno svarione che va corretto nel decreto sulle rinnovabili non fotovoltaiche &#8211; precisa &#8211; \u00e8 quello che riguarda il minieolico, perch\u00e9 i produttori italiani costruiscono pale di aerogeneratori da 55 KW e quindi il registro dai 50 KW favorisce sostanzialmente quelli pi\u00f9 piccoli, prodotti in Cina. Effetto davvero paradossale &#8211; commenta Ferrante &#8211; e forse frutto di ignoranza per chi, anche nel governo, nel criticare il sistema di incentivazione delle rinnovabili puntava il dito contro l&#8217;assenza di una filiera totalmente italiana.&#8221;<\/p>\n<p><a title=\"Continua a leggere su Repubblica.it\" href=\"http:\/\/www.repubblica.it\/ambiente\/2012\/04\/13\/news\/decreto_rinnovabili_premia_cinesi-33246478\/\" target=\"_blank\">Continua a leggere si repubblica.it.<\/a><\/p>\n","protected":false},"excerpt":{"rendered":"<p>La fretta, si sa, \u00e8 cattiva consigliera, ma a volte prendersela con calma non \u00e8 detto che aiuti. Il decreto sulle rinnovabili extra fotovoltaico \u00e8 stato finalmente presentato mercoled\u00ec dal governo dopo un ritardo di ben sei mesi sui tempi previsti, ma contiene una clamorosa svista che rischia di vanificare uno dei principali obiettivi del [&hellip;]<\/p>\n","protected":false},"author":1,"featured_media":59,"comment_status":"open","ping_status":"open","sticky":false,"template":"","format":"standard","meta":{"_links_to":"","_links_to_target":""},"categories":[1],"tags":[9,8,7],"yoast_head":"<!-- This site is optimized with the Yoast SEO plugin v15.1.1 - https:\/\/yoast.com\/wordpress\/plugins\/seo\/ -->\r\n<meta name=\"robots\" content=\"index, follow, max-snippet:-1, max-image-preview:large, max-video-preview:-1\" \/>\r\n<link rel=\"canonical\" href=\"http:\/\/www.inambiente.it\/index.php\/2012\/04\/decreto-rinnovabili-con-autogol-quella-norma-premia-i-cinesi\/\" \/>\r\n<meta property=\"og:locale\" content=\"it_IT\" \/>\r\n<meta property=\"og:type\" content=\"article\" \/>\r\n<meta property=\"og:title\" content=\"Decreto rinnovabili con autogol &quot;Quella norma premia i cinesi&quot; - InAmbienTe\" \/>\r\n<meta property=\"og:description\" content=\"La fretta, si sa, \u00e8 cattiva consigliera, ma a volte prendersela con calma non \u00e8 detto che aiuti. Il decreto sulle rinnovabili extra fotovoltaico \u00e8 stato finalmente presentato mercoled\u00ec dal governo dopo un ritardo di ben sei mesi sui tempi previsti, ma contiene una clamorosa svista che rischia di vanificare uno dei principali obiettivi del [&hellip;]\" \/>\r\n<meta property=\"og:url\" content=\"http:\/\/www.inambiente.it\/index.php\/2012\/04\/decreto-rinnovabili-con-autogol-quella-norma-premia-i-cinesi\/\" \/>\r\n<meta property=\"og:site_name\" content=\"InAmbienTe\" \/>\r\n<meta property=\"article:publisher\" content=\"https:\/\/www.facebook.com\/inambiente\" \/>\r\n<meta property=\"article:published_time\" content=\"2012-04-16T11:05:06+00:00\" \/>\r\n<meta property=\"article:modified_time\" content=\"2012-05-04T10:00:15+00:00\" \/>\r\n<meta property=\"og:image\" content=\"http:\/\/www.inambiente.it\/wp-content\/uploads\/2012\/04\/rinnovabili.jpg\" \/>\r\n\t<meta property=\"og:image:width\" content=\"1200\" \/>\r\n\t<meta property=\"og:image:height\" content=\"798\" \/>\r\n<meta name=\"twitter:card\" content=\"summary\" \/>\r\n<script type=\"application\/ld+json\" class=\"yoast-schema-graph\">{\"@context\":\"https:\/\/schema.org\",\"@graph\":[{\"@type\":\"WebSite\",\"@id\":\"http:\/\/www.inambiente.it\/#website\",\"url\":\"http:\/\/www.inambiente.it\/\",\"name\":\"InAmbienTe\",\"description\":\"Il Portale degli Studenti di Ingegneria\",\"potentialAction\":[{\"@type\":\"SearchAction\",\"target\":\"http:\/\/www.inambiente.it\/?s={search_term_string}\",\"query-input\":\"required name=search_term_string\"}],\"inLanguage\":\"it-IT\"},{\"@type\":\"ImageObject\",\"@id\":\"http:\/\/www.inambiente.it\/index.php\/2012\/04\/decreto-rinnovabili-con-autogol-quella-norma-premia-i-cinesi\/#primaryimage\",\"inLanguage\":\"it-IT\",\"url\":\"http:\/\/www.inambiente.it\/wp-content\/uploads\/2012\/04\/rinnovabili.jpg\",\"width\":\"1200\",\"height\":\"798\",\"caption\":\"Rinnovabili\"},{\"@type\":\"WebPage\",\"@id\":\"http:\/\/www.inambiente.it\/index.php\/2012\/04\/decreto-rinnovabili-con-autogol-quella-norma-premia-i-cinesi\/#webpage\",\"url\":\"http:\/\/www.inambiente.it\/index.php\/2012\/04\/decreto-rinnovabili-con-autogol-quella-norma-premia-i-cinesi\/\",\"name\":\"Decreto rinnovabili con autogol \\\"Quella norma premia i cinesi\\\" - InAmbienTe\",\"isPartOf\":{\"@id\":\"http:\/\/www.inambiente.it\/#website\"},\"primaryImageOfPage\":{\"@id\":\"http:\/\/www.inambiente.it\/index.php\/2012\/04\/decreto-rinnovabili-con-autogol-quella-norma-premia-i-cinesi\/#primaryimage\"},\"datePublished\":\"2012-04-16T11:05:06+00:00\",\"dateModified\":\"2012-05-04T10:00:15+00:00\",\"author\":{\"@id\":\"http:\/\/www.inambiente.it\/#\/schema\/person\/5518ecc20e8869b76680d825685acee9\"},\"inLanguage\":\"it-IT\",\"potentialAction\":[{\"@type\":\"ReadAction\",\"target\":[\"http:\/\/www.inambiente.it\/index.php\/2012\/04\/decreto-rinnovabili-con-autogol-quella-norma-premia-i-cinesi\/\"]}]},{\"@type\":\"Person\",\"@id\":\"http:\/\/www.inambiente.it\/#\/schema\/person\/5518ecc20e8869b76680d825685acee9\",\"name\":\"Domenico Di Nardo\",\"image\":{\"@type\":\"ImageObject\",\"@id\":\"http:\/\/www.inambiente.it\/#personlogo\",\"inLanguage\":\"it-IT\",\"url\":\"http:\/\/1.gravatar.com\/avatar\/aabcf4979f8cee415e34471172295b9c?s=96&d=mm&r=g\",\"caption\":\"Domenico Di Nardo\"},\"sameAs\":[\"http:\/\/www.inambiente.it\"]}]}<\/script>\r\n<!-- \/ Yoast SEO plugin. -->","_links":{"self":[{"href":"http:\/\/www.inambiente.it\/index.php\/wp-json\/wp\/v2\/posts\/56"}],"collection":[{"href":"http:\/\/www.inambiente.it\/index.php\/wp-json\/wp\/v2\/posts"}],"about":[{"href":"http:\/\/www.inambiente.it\/index.php\/wp-json\/wp\/v2\/types\/post"}],"author":[{"embeddable":true,"href":"http:\/\/www.inambiente.it\/index.php\/wp-json\/wp\/v2\/users\/1"}],"replies":[{"embeddable":true,"href":"http:\/\/www.inambiente.it\/index.php\/wp-json\/wp\/v2\/comments?post=56"}],"version-history":[{"count":4,"href":"http:\/\/www.inambiente.it\/index.php\/wp-json\/wp\/v2\/posts\/56\/revisions"}],"predecessor-version":[{"id":735,"href":"http:\/\/www.inambiente.it\/index.php\/wp-json\/wp\/v2\/posts\/56\/revisions\/735"}],"wp:featuredmedia":[{"embeddable":true,"href":"http:\/\/www.inambiente.it\/index.php\/wp-json\/wp\/v2\/media\/59"}],"wp:attachment":[{"href":"http:\/\/www.inambiente.it\/index.php\/wp-json\/wp\/v2\/media?parent=56"}],"wp:term":[{"taxonomy":"category","embeddable":true,"href":"http:\/\/www.inambiente.it\/index.php\/wp-json\/wp\/v2\/categories?post=56"},{"taxonomy":"post_tag","embeddable":true,"href":"http:\/\/www.inambiente.it\/index.php\/wp-json\/wp\/v2\/tags?post=56"}],"curies":[{"name":"wp","href":"https:\/\/api.w.org\/{rel}","templated":true}]}}