{"id":441,"date":"2010-05-07T15:22:06","date_gmt":"2010-05-07T13:22:06","guid":{"rendered":"http:\/\/www.inambiente.it\/inblog\/?p=441"},"modified":"2010-05-07T15:22:06","modified_gmt":"2010-05-07T13:22:06","slug":"opportunita-interessante-per-tutti-gli-studenti-emanato-il-bando-part-time-dellateneo-per-gli-studenti-iscritti-allanno-accademico-20092010","status":"publish","type":"post","link":"http:\/\/www.inambiente.it\/index.php\/2010\/05\/opportunita-interessante-per-tutti-gli-studenti-emanato-il-bando-part-time-dellateneo-per-gli-studenti-iscritti-allanno-accademico-20092010\/","title":{"rendered":"Opportunit\u00e0\u00a0 interessante per tutti gli studenti: emanato il bando part-time dell&#039;Ateneo per gli studenti iscritti all&#039;anno accademico 2009\/2010."},"content":{"rendered":"<div id=\"ri_adv_end_content\"><script async src=\"\/\/pagead2.googlesyndication.com\/pagead\/js\/adsbygoogle.js\"><\/script>\r\n\t\t\t\t<!-- Appunti Ingegneria -->\r\n\t\t\t\t<ins class=\"adsbygoogle\"\r\n\t\t\t\t\t style=\"display:block\"\r\n\t\t\t\t\t data-ad-client=\"ca-pub-5194127282884067\"\r\n\t\t\t\t\t data-ad-slot=\"8299779634\"\r\n\t\t\t\t\t data-ad-format=\"auto\"><\/ins>\r\n\t\t\t\t<script>\r\n\t\t\t\t(adsbygoogle = window.adsbygoogle || []).push({});\r\n\t\t\t\t<\/script><\/div><p><a href=\"http:\/\/www.inambiente.it\/inblog\/..\/public\/2009\/10\/Immagine.png\"><img loading=\"lazy\" class=\"alignleft size-thumbnail wp-image-395\" title=\"Immagine\" src=\"http:\/\/www.inambiente.it\/inblog\/..\/public\/2009\/10\/Immagine-150x150.png\" alt=\"\" width=\"150\" height=\"150\" \/><\/a>Su segnalazione diretta dell&#8217;<a href=\"http:\/\/www.assingegneria.it\/index.php?option=com_content&amp;task=view&amp;id=497&amp;Itemid=84\" target=\"_blank\">ASSI<\/a>, tramite la <a href=\"http:\/\/it-it.facebook.com\/people\/Inambiente-Ingegneria\/100000273338506\" target=\"_blank\">nostra bacheca di facebook<\/a>, \u00c2\u00a0diffondiamo questa interessante opportunit\u00e0.<\/p>\n<blockquote>\n<div id=\"_mcePaste\">Dopo il rientro di bilancio da parte del nostro Ateneo, finalmente dopo molte pressioni da parte dell&#8217;ASSI ed i suoi rappresentanti in Ateneo \u00e8 stato emanato il Bando per il Part-Time per l&#8217;a.a. 2009\/2010.<\/div>\n<div>Per chi non fosse a conoscenza di tale opportunit\u00e0 offerta agli studenti si ricorda che il Part-Time \u00e8 una forma di collaborazione studenti-universit\u00e0 dietro rispettivo compenso orario: si tratta di lavorare per un monte di ore (in genere 150 h ) nell&#8217;arco di un anno presso una struttura che viene assegnata alla scadenza del bando ed al termine di tale collaborazione ricevere il pagamento da parte dell&#8217;Ateneo.<\/div>\n<div>Si ricorda inoltre che la domanda, dovr\u00e0 essere redatta esclusivamente via internet (con accesso tramite il PIN dello studente) compilando il modulo reperibile all&#8217;indirizzo web <a title=\"UNINA\" href=\"Bando Part-time per gli studenti\t\t\t Scritto da redazione AS.S.I. venerd\u00c3\u00ac 07 maggio 2010 Dopo il rientro di bilancio da parte del nostro Ateneo, finalmente dopo molte pressioni da parte dell'ASSI ed i suoi rappresentanti in Ateneo \u00e8 stato emanato il Bando per il Part-Time per l'a.a. 2009\/2010.  Per chi non fosse a conoscenza di tale opportunit\u00e0 offerta agli studenti si ricorda che il Part-Time \u00e8 una forma di collaborazione studenti-universit\u00e0 dietr rispettivo compenso orario: si tratta di lavorare per un monte di ore (in genere 150 h ) nell'arco di un anno presso una struttura che viene assegnata alla scadenza del bando ed al termine di tale collaborazione ricevere il pagamento da parte dell'Ateneo  Si ricorda inoltre che la domanda, dovra essere redatta esclusivamente via internet (con accesso tramite il PIN dello studente) compilando il modulo reperibile all'indirizzo web www.unina.it dal 07\/05\/2010 ed entro e non oltre le ore 12,00 del 28\/05\/2010. La ricevuta stampata a conclusione della procedura di registrazione della domanda far\u00e0 fede dell'avvenuta presentazione.  A fine articolo clicca sul link per visionare il bando e compilare la domanda     Per l'occasione ricordiamo a tutti di darci una mano per il CNSU Mercoled\u00c3\u00ac 12 e Gioved\u00c3\u00ac 13 Maggio sostenendo un rappresentante attivo ed apartitico come noi: vota SOLA al CNSU con la lista 3 - La Confederazione     LINK BANDO PART-TIME  LINK PER INSERIRE LA DOMANDA ONLINE\" target=\"_blank\">www.unina.it<\/a> dal 07\/05\/2010 ed entro e non oltre le ore 12,00 del 28\/05\/2010.<\/div>\n<div>La ricevuta stampata a conclusione della procedura di registrazione della domanda far\u00e0 fede dell&#8217;avvenuta presentazione. \u00c2\u00a0A fine articolo clicca sul link per visionare il bando e compilare la domanda.<\/div>\n<div>Per l&#8217;occasione ricordiamo a tutti di darci una mano per il CNSU Mercoled\u00c3\u00ac 12 e Gioved\u00c3\u00ac 13 Maggio sostenendo un rappresentante attivo ed apartitico come noi: vota SOLA al CNSU con la lista 3 &#8211; La Confederazione<\/div>\n<div><a href=\"http:\/\/allegati.unina.it\/studenti\/partTime\/2010\/PT_2010_02_Bando.pdf\" target=\"_blank\">LINK BANDO PART-TIME<\/a><\/div>\n<div id=\"_mcePaste\"><a href=\"http:\/\/servizi.ceda.unina.it:19050\/\" target=\"_blank\">LINK PER INSERIRE LA DOMANDA ONLINE<\/a><\/div>\n<\/blockquote>\n","protected":false},"excerpt":{"rendered":"<p>Su segnalazione diretta dell&#8217;ASSI, tramite la nostra bacheca di facebook, \u00c2\u00a0diffondiamo questa interessante opportunit\u00e0. Dopo il rientro di bilancio da parte del nostro Ateneo, finalmente dopo molte pressioni da parte dell&#8217;ASSI ed i suoi rappresentanti in Ateneo \u00e8 stato emanato il Bando per il Part-Time per l&#8217;a.a. 2009\/2010. Per chi non fosse a conoscenza di [&hellip;]<\/p>\n","protected":false},"author":1,"featured_media":395,"comment_status":"open","ping_status":"open","sticky":false,"template":"","format":"standard","meta":{"_links_to":"","_links_to_target":""},"categories":[1],"tags":[41,20,86,109],"yoast_head":"<!-- This site is optimized with the Yoast SEO plugin v15.1.1 - https:\/\/yoast.com\/wordpress\/plugins\/seo\/ -->\r\n<meta name=\"robots\" content=\"index, follow, max-snippet:-1, max-image-preview:large, max-video-preview:-1\" \/>\r\n<link rel=\"canonical\" href=\"http:\/\/www.inambiente.it\/index.php\/2010\/05\/opportunita-interessante-per-tutti-gli-studenti-emanato-il-bando-part-time-dellateneo-per-gli-studenti-iscritti-allanno-accademico-20092010\/\" \/>\r\n<meta property=\"og:locale\" content=\"it_IT\" \/>\r\n<meta property=\"og:type\" content=\"article\" \/>\r\n<meta property=\"og:title\" content=\"Opportunit\u00e0\u00a0 interessante per tutti gli studenti: emanato il bando part-time dell&#039;Ateneo per gli studenti iscritti all&#039;anno accademico 2009\/2010. - InAmbienTe\" \/>\r\n<meta property=\"og:description\" content=\"Su segnalazione diretta dell&#8217;ASSI, tramite la nostra bacheca di facebook, \u00c2\u00a0diffondiamo questa interessante opportunit\u00e0. Dopo il rientro di bilancio da parte del nostro Ateneo, finalmente dopo molte pressioni da parte dell&#8217;ASSI ed i suoi rappresentanti in Ateneo \u00e8 stato emanato il Bando per il Part-Time per l&#8217;a.a. 2009\/2010. Per chi non fosse a conoscenza di [&hellip;]\" \/>\r\n<meta property=\"og:url\" content=\"http:\/\/www.inambiente.it\/index.php\/2010\/05\/opportunita-interessante-per-tutti-gli-studenti-emanato-il-bando-part-time-dellateneo-per-gli-studenti-iscritti-allanno-accademico-20092010\/\" \/>\r\n<meta property=\"og:site_name\" content=\"InAmbienTe\" \/>\r\n<meta property=\"article:publisher\" content=\"https:\/\/www.facebook.com\/inambiente\" \/>\r\n<meta property=\"article:published_time\" content=\"2010-05-07T13:22:06+00:00\" \/>\r\n<meta name=\"twitter:card\" content=\"summary\" \/>\r\n<script type=\"application\/ld+json\" class=\"yoast-schema-graph\">{\"@context\":\"https:\/\/schema.org\",\"@graph\":[{\"@type\":\"WebSite\",\"@id\":\"http:\/\/www.inambiente.it\/#website\",\"url\":\"http:\/\/www.inambiente.it\/\",\"name\":\"InAmbienTe\",\"description\":\"Il Portale degli Studenti di Ingegneria\",\"potentialAction\":[{\"@type\":\"SearchAction\",\"target\":\"http:\/\/www.inambiente.it\/?s={search_term_string}\",\"query-input\":\"required name=search_term_string\"}],\"inLanguage\":\"it-IT\"},{\"@type\":\"ImageObject\",\"@id\":\"http:\/\/www.inambiente.it\/index.php\/2010\/05\/opportunita-interessante-per-tutti-gli-studenti-emanato-il-bando-part-time-dellateneo-per-gli-studenti-iscritti-allanno-accademico-20092010\/#primaryimage\",\"inLanguage\":\"it-IT\",\"url\":\"\"},{\"@type\":\"WebPage\",\"@id\":\"http:\/\/www.inambiente.it\/index.php\/2010\/05\/opportunita-interessante-per-tutti-gli-studenti-emanato-il-bando-part-time-dellateneo-per-gli-studenti-iscritti-allanno-accademico-20092010\/#webpage\",\"url\":\"http:\/\/www.inambiente.it\/index.php\/2010\/05\/opportunita-interessante-per-tutti-gli-studenti-emanato-il-bando-part-time-dellateneo-per-gli-studenti-iscritti-allanno-accademico-20092010\/\",\"name\":\"Opportunit\\u00e0\\u00a0 interessante per tutti gli studenti: emanato il bando part-time dell&#039;Ateneo per gli studenti iscritti all&#039;anno accademico 2009\/2010. - InAmbienTe\",\"isPartOf\":{\"@id\":\"http:\/\/www.inambiente.it\/#website\"},\"primaryImageOfPage\":{\"@id\":\"http:\/\/www.inambiente.it\/index.php\/2010\/05\/opportunita-interessante-per-tutti-gli-studenti-emanato-il-bando-part-time-dellateneo-per-gli-studenti-iscritti-allanno-accademico-20092010\/#primaryimage\"},\"datePublished\":\"2010-05-07T13:22:06+00:00\",\"dateModified\":\"2010-05-07T13:22:06+00:00\",\"author\":{\"@id\":\"http:\/\/www.inambiente.it\/#\/schema\/person\/5518ecc20e8869b76680d825685acee9\"},\"inLanguage\":\"it-IT\",\"potentialAction\":[{\"@type\":\"ReadAction\",\"target\":[\"http:\/\/www.inambiente.it\/index.php\/2010\/05\/opportunita-interessante-per-tutti-gli-studenti-emanato-il-bando-part-time-dellateneo-per-gli-studenti-iscritti-allanno-accademico-20092010\/\"]}]},{\"@type\":\"Person\",\"@id\":\"http:\/\/www.inambiente.it\/#\/schema\/person\/5518ecc20e8869b76680d825685acee9\",\"name\":\"Domenico Di Nardo\",\"image\":{\"@type\":\"ImageObject\",\"@id\":\"http:\/\/www.inambiente.it\/#personlogo\",\"inLanguage\":\"it-IT\",\"url\":\"http:\/\/1.gravatar.com\/avatar\/aabcf4979f8cee415e34471172295b9c?s=96&d=mm&r=g\",\"caption\":\"Domenico Di Nardo\"},\"sameAs\":[\"http:\/\/www.inambiente.it\"]}]}<\/script>\r\n<!-- \/ Yoast SEO plugin. -->","_links":{"self":[{"href":"http:\/\/www.inambiente.it\/index.php\/wp-json\/wp\/v2\/posts\/441"}],"collection":[{"href":"http:\/\/www.inambiente.it\/index.php\/wp-json\/wp\/v2\/posts"}],"about":[{"href":"http:\/\/www.inambiente.it\/index.php\/wp-json\/wp\/v2\/types\/post"}],"author":[{"embeddable":true,"href":"http:\/\/www.inambiente.it\/index.php\/wp-json\/wp\/v2\/users\/1"}],"replies":[{"embeddable":true,"href":"http:\/\/www.inambiente.it\/index.php\/wp-json\/wp\/v2\/comments?post=441"}],"version-history":[{"count":1,"href":"http:\/\/www.inambiente.it\/index.php\/wp-json\/wp\/v2\/posts\/441\/revisions"}],"predecessor-version":[{"id":684,"href":"http:\/\/www.inambiente.it\/index.php\/wp-json\/wp\/v2\/posts\/441\/revisions\/684"}],"wp:featuredmedia":[{"embeddable":true,"href":"http:\/\/www.inambiente.it\/index.php\/wp-json\/wp\/v2\/media\/395"}],"wp:attachment":[{"href":"http:\/\/www.inambiente.it\/index.php\/wp-json\/wp\/v2\/media?parent=441"}],"wp:term":[{"taxonomy":"category","embeddable":true,"href":"http:\/\/www.inambiente.it\/index.php\/wp-json\/wp\/v2\/categories?post=441"},{"taxonomy":"post_tag","embeddable":true,"href":"http:\/\/www.inambiente.it\/index.php\/wp-json\/wp\/v2\/tags?post=441"}],"curies":[{"name":"wp","href":"https:\/\/api.w.org\/{rel}","templated":true}]}}