{"id":438,"date":"2010-03-25T19:46:58","date_gmt":"2010-03-25T17:46:58","guid":{"rendered":"http:\/\/www.inambiente.it\/inblog\/?p=438"},"modified":"2012-05-02T15:42:18","modified_gmt":"2012-05-02T15:42:18","slug":"on-line-il-sito-ufficiale-del-corso-di-studi-di-ingegneria-per-lambiente-e-il-territorio-presentato-anche-il-logo-che-rappresenta-il-nuovo-portale","status":"publish","type":"post","link":"http:\/\/www.inambiente.it\/index.php\/2010\/03\/on-line-il-sito-ufficiale-del-corso-di-studi-di-ingegneria-per-lambiente-e-il-territorio-presentato-anche-il-logo-che-rappresenta-il-nuovo-portale\/","title":{"rendered":"On line il sito ufficiale del corso di studi di Ingegneria per l&#8217;Ambiente e il Territorio, presentato anche il logo che rappresenta il nuovo portale."},"content":{"rendered":"<div id=\"ri_adv_end_content\"><script async src=\"\/\/pagead2.googlesyndication.com\/pagead\/js\/adsbygoogle.js\"><\/script>\r\n\t\t\t\t<!-- Appunti Ingegneria -->\r\n\t\t\t\t<ins class=\"adsbygoogle\"\r\n\t\t\t\t\t style=\"display:block\"\r\n\t\t\t\t\t data-ad-client=\"ca-pub-5194127282884067\"\r\n\t\t\t\t\t data-ad-slot=\"8299779634\"\r\n\t\t\t\t\t data-ad-format=\"auto\"><\/ins>\r\n\t\t\t\t<script>\r\n\t\t\t\t(adsbygoogle = window.adsbygoogle || []).push({});\r\n\t\t\t\t<\/script><\/div><p><a href=\"http:\/\/www.inambiente.it\/inblog\/..\/public\/2010\/01\/Dottorandiq.jpg\"><img loading=\"lazy\" class=\"alignleft size-thumbnail wp-image-426\" title=\"Ricercatori all'opera.\" src=\"http:\/\/www.inambiente.it\/inblog\/..\/public\/2010\/01\/Dottorandiq-150x150.jpg\" alt=\"\" width=\"150\" height=\"150\" \/><\/a>Si basa sulla piattaforma open source <a title=\"Joomla\" href=\"http:\/\/www.joomla.org\/\" target=\"_blank\">Joomla<\/a>, il che pu\u00f2 essere un segnale positivo per noi che promuoviamo attivit\u00e0 aperte e gratuite in tema didattico, ed ha una veste grafica leggera ma efficace. Il <a title=\"Nuovo Portale IAT\" href=\"http:\/\/www.iat.unina.it\/\" target=\"_blank\">nuovo portale<\/a> del corso di laurea in Ingegneria per l&#8217;Ambiente e il Territorio promosso dalla facolt\u00e0 di Ingegneria di Napoli della Federico II, ha la concreta possibilit\u00e0 di ampliare l&#8217;interesse nei confronti del nostro amato corso di laurea, soprattutto perch\u00c3\u00a9 alle spalle c&#8217;\u00e8 l&#8217;istituzione universitaria che maggiormente riesce ad esprimersi nel campo della ingegneria italiana.<\/p>\n<p>L&#8217;<a href=\"http:\/\/www.iat.unina.it\/pdf\/Messaggio_inaugurale_del_Presidente.pdf\" target=\"_blank\">intervento<\/a> autorevole per Prof. Francesco Pirozzi, Presidente del Consiglio dei Corsi di Studi, che con un suo messaggio ha dato il via alla nuova avventura fa ben sperare, ma l&#8217;ambizione di diventare un punto di riferimento non pu\u00f2 prescindere da un valido gruppo di lavoro che punti a tenere vivo il portale (e noi ne sappiamo qualcosa). Ci aspettiamo molto, principalmente nella continua divulgazione di notizie e di eventi organizzati all&#8217;interno della facolt\u00e0 e, soprattutto, ci auguriamo che serva a dare voce ai numerosi studenti che hanno la voglia e le capacit\u00e0 comunicative giuste.<\/p>\n<p>Un ottimo inizio \u00e8 la possibilit\u00e0 che \u00e8 stata data ad alcuni ex studenti di raccontare la propria esperienza, tipo quella di <a href=\"http:\/\/www.iat.unina.it\/index.php?option=com_content&amp;view=article&amp;id=120:ing-federica-barone&amp;catid=49&amp;Itemid=72\" target=\"_blank\">Federica Barone<\/a> o di <a href=\"http:\/\/www.iat.unina.it\/index.php?option=com_content&amp;view=article&amp;id=128:ing-marco-minicucci&amp;catid=49&amp;Itemid=72\" target=\"_blank\">Marco Miniucci<\/a>, anche se l&#8217;apparente assenza di un forum o di uno strumento di comunicazione interattivo pu\u00f2 essere un grosso limite. Un&#8217;altra sezione interessante \u00e8 quella che fa riferimento all&#8217;<a href=\"http:\/\/www.iat.unina.it\/index.php?option=com_content&amp;view=category&amp;layout=blog&amp;id=58&amp;Itemid=64\" target=\"_blank\">Area Studenti<\/a>, che permette di avere numerosi informazioni utili, una tra tutte la possibilit\u00e0 di conoscere le offerte di tesi disponibili.<\/p>\n<p>In ultimo, ci fa molto piacere porre l&#8217;attenzione sul nuovo logo che dovrebbe (e ce lo auguriamo!!) rappresentare il nostro corso di studi in giro per il mondo. Per ora si limita a identificare il portale appena pubblicato e, l&#8217;ideatore ed il creatore del logo \u00e8 un giovane studente, Mariano Grimaldi, il quale ha partecipato e vinto il concorso nato proprio per l&#8217;occasione.<\/p>\n<p>Le premesse sono buone, anzi ottime, speriamo che con il tempo non si spenga questa fiamma che tanto bene farebbe a tutti noi, studenti e laureati in Ingegneria per l&#8217;Ambiente ed il Territorio.<\/p>\n","protected":false},"excerpt":{"rendered":"<p>Si basa sulla piattaforma open source Joomla, il che pu\u00f2 essere un segnale positivo per noi che promuoviamo attivit\u00e0 aperte e gratuite in tema didattico, ed ha una veste grafica leggera ma efficace. Il nuovo portale del corso di laurea in Ingegneria per l&#8217;Ambiente e il Territorio promosso dalla facolt\u00e0 di Ingegneria di Napoli della [&hellip;]<\/p>\n","protected":false},"author":24,"featured_media":426,"comment_status":"open","ping_status":"open","sticky":false,"template":"","format":"standard","meta":{"_links_to":"","_links_to_target":""},"categories":[1],"tags":[6,19,90,103,109,115],"yoast_head":"<!-- This site is optimized with the Yoast SEO plugin v15.1.1 - https:\/\/yoast.com\/wordpress\/plugins\/seo\/ -->\r\n<meta name=\"robots\" content=\"index, follow, max-snippet:-1, max-image-preview:large, max-video-preview:-1\" \/>\r\n<link rel=\"canonical\" href=\"http:\/\/www.inambiente.it\/index.php\/2010\/03\/on-line-il-sito-ufficiale-del-corso-di-studi-di-ingegneria-per-lambiente-e-il-territorio-presentato-anche-il-logo-che-rappresenta-il-nuovo-portale\/\" \/>\r\n<meta property=\"og:locale\" content=\"it_IT\" \/>\r\n<meta property=\"og:type\" content=\"article\" \/>\r\n<meta property=\"og:title\" content=\"On line il sito ufficiale del corso di studi di Ingegneria per l&#039;Ambiente e il Territorio, presentato anche il logo che rappresenta il nuovo portale. - InAmbienTe\" \/>\r\n<meta property=\"og:description\" content=\"Si basa sulla piattaforma open source Joomla, il che pu\u00f2 essere un segnale positivo per noi che promuoviamo attivit\u00e0 aperte e gratuite in tema didattico, ed ha una veste grafica leggera ma efficace. Il nuovo portale del corso di laurea in Ingegneria per l&#8217;Ambiente e il Territorio promosso dalla facolt\u00e0 di Ingegneria di Napoli della [&hellip;]\" \/>\r\n<meta property=\"og:url\" content=\"http:\/\/www.inambiente.it\/index.php\/2010\/03\/on-line-il-sito-ufficiale-del-corso-di-studi-di-ingegneria-per-lambiente-e-il-territorio-presentato-anche-il-logo-che-rappresenta-il-nuovo-portale\/\" \/>\r\n<meta property=\"og:site_name\" content=\"InAmbienTe\" \/>\r\n<meta property=\"article:publisher\" content=\"https:\/\/www.facebook.com\/inambiente\" \/>\r\n<meta property=\"article:published_time\" content=\"2010-03-25T17:46:58+00:00\" \/>\r\n<meta property=\"article:modified_time\" content=\"2012-05-02T15:42:18+00:00\" \/>\r\n<meta name=\"twitter:card\" content=\"summary\" \/>\r\n<script type=\"application\/ld+json\" class=\"yoast-schema-graph\">{\"@context\":\"https:\/\/schema.org\",\"@graph\":[{\"@type\":\"WebSite\",\"@id\":\"http:\/\/www.inambiente.it\/#website\",\"url\":\"http:\/\/www.inambiente.it\/\",\"name\":\"InAmbienTe\",\"description\":\"Il Portale degli Studenti di Ingegneria\",\"potentialAction\":[{\"@type\":\"SearchAction\",\"target\":\"http:\/\/www.inambiente.it\/?s={search_term_string}\",\"query-input\":\"required name=search_term_string\"}],\"inLanguage\":\"it-IT\"},{\"@type\":\"ImageObject\",\"@id\":\"http:\/\/www.inambiente.it\/index.php\/2010\/03\/on-line-il-sito-ufficiale-del-corso-di-studi-di-ingegneria-per-lambiente-e-il-territorio-presentato-anche-il-logo-che-rappresenta-il-nuovo-portale\/#primaryimage\",\"inLanguage\":\"it-IT\",\"url\":\"\"},{\"@type\":\"WebPage\",\"@id\":\"http:\/\/www.inambiente.it\/index.php\/2010\/03\/on-line-il-sito-ufficiale-del-corso-di-studi-di-ingegneria-per-lambiente-e-il-territorio-presentato-anche-il-logo-che-rappresenta-il-nuovo-portale\/#webpage\",\"url\":\"http:\/\/www.inambiente.it\/index.php\/2010\/03\/on-line-il-sito-ufficiale-del-corso-di-studi-di-ingegneria-per-lambiente-e-il-territorio-presentato-anche-il-logo-che-rappresenta-il-nuovo-portale\/\",\"name\":\"On line il sito ufficiale del corso di studi di Ingegneria per l'Ambiente e il Territorio, presentato anche il logo che rappresenta il nuovo portale. - InAmbienTe\",\"isPartOf\":{\"@id\":\"http:\/\/www.inambiente.it\/#website\"},\"primaryImageOfPage\":{\"@id\":\"http:\/\/www.inambiente.it\/index.php\/2010\/03\/on-line-il-sito-ufficiale-del-corso-di-studi-di-ingegneria-per-lambiente-e-il-territorio-presentato-anche-il-logo-che-rappresenta-il-nuovo-portale\/#primaryimage\"},\"datePublished\":\"2010-03-25T17:46:58+00:00\",\"dateModified\":\"2012-05-02T15:42:18+00:00\",\"author\":{\"@id\":\"http:\/\/www.inambiente.it\/#\/schema\/person\/bf7848da8913bb9e7b9a040a14c8df85\"},\"inLanguage\":\"it-IT\",\"potentialAction\":[{\"@type\":\"ReadAction\",\"target\":[\"http:\/\/www.inambiente.it\/index.php\/2010\/03\/on-line-il-sito-ufficiale-del-corso-di-studi-di-ingegneria-per-lambiente-e-il-territorio-presentato-anche-il-logo-che-rappresenta-il-nuovo-portale\/\"]}]},{\"@type\":\"Person\",\"@id\":\"http:\/\/www.inambiente.it\/#\/schema\/person\/bf7848da8913bb9e7b9a040a14c8df85\",\"name\":\"domdin\",\"image\":{\"@type\":\"ImageObject\",\"@id\":\"http:\/\/www.inambiente.it\/#personlogo\",\"inLanguage\":\"it-IT\",\"url\":\"http:\/\/1.gravatar.com\/avatar\/18160cdd31d624be75915209b6e50fa2?s=96&d=mm&r=g\",\"caption\":\"domdin\"}}]}<\/script>\r\n<!-- \/ Yoast SEO plugin. -->","_links":{"self":[{"href":"http:\/\/www.inambiente.it\/index.php\/wp-json\/wp\/v2\/posts\/438"}],"collection":[{"href":"http:\/\/www.inambiente.it\/index.php\/wp-json\/wp\/v2\/posts"}],"about":[{"href":"http:\/\/www.inambiente.it\/index.php\/wp-json\/wp\/v2\/types\/post"}],"author":[{"embeddable":true,"href":"http:\/\/www.inambiente.it\/index.php\/wp-json\/wp\/v2\/users\/24"}],"replies":[{"embeddable":true,"href":"http:\/\/www.inambiente.it\/index.php\/wp-json\/wp\/v2\/comments?post=438"}],"version-history":[{"count":1,"href":"http:\/\/www.inambiente.it\/index.php\/wp-json\/wp\/v2\/posts\/438\/revisions"}],"predecessor-version":[{"id":682,"href":"http:\/\/www.inambiente.it\/index.php\/wp-json\/wp\/v2\/posts\/438\/revisions\/682"}],"wp:featuredmedia":[{"embeddable":true,"href":"http:\/\/www.inambiente.it\/index.php\/wp-json\/wp\/v2\/media\/426"}],"wp:attachment":[{"href":"http:\/\/www.inambiente.it\/index.php\/wp-json\/wp\/v2\/media?parent=438"}],"wp:term":[{"taxonomy":"category","embeddable":true,"href":"http:\/\/www.inambiente.it\/index.php\/wp-json\/wp\/v2\/categories?post=438"},{"taxonomy":"post_tag","embeddable":true,"href":"http:\/\/www.inambiente.it\/index.php\/wp-json\/wp\/v2\/tags?post=438"}],"curies":[{"name":"wp","href":"https:\/\/api.w.org\/{rel}","templated":true}]}}