{"id":332,"date":"2009-09-22T11:04:27","date_gmt":"2009-09-22T09:04:27","guid":{"rendered":"http:\/\/www.inambiente.it\/inblog\/?p=332"},"modified":"2009-09-22T11:04:27","modified_gmt":"2009-09-22T09:04:27","slug":"offerte-di-lavoro-in-aumento-la-lieve-ripresa-dalla-crisi-sta-rilanciando-loccupazione-la-provincia-di-milano-e-quella-con-piu-offerte","status":"publish","type":"post","link":"http:\/\/www.inambiente.it\/index.php\/2009\/09\/offerte-di-lavoro-in-aumento-la-lieve-ripresa-dalla-crisi-sta-rilanciando-loccupazione-la-provincia-di-milano-e-quella-con-piu-offerte\/","title":{"rendered":"Offerte di Lavoro in aumento. La lieve ripresa dalla crisi sta rilanciando l&#039;occupazione. La provincia di Milano \u00e8 quella con pi\u00f9 offerte."},"content":{"rendered":"<div id=\"ri_adv_end_content\"><script async src=\"\/\/pagead2.googlesyndication.com\/pagead\/js\/adsbygoogle.js\"><\/script>\r\n\t\t\t\t<!-- Appunti Ingegneria -->\r\n\t\t\t\t<ins class=\"adsbygoogle\"\r\n\t\t\t\t\t style=\"display:block\"\r\n\t\t\t\t\t data-ad-client=\"ca-pub-5194127282884067\"\r\n\t\t\t\t\t data-ad-slot=\"8299779634\"\r\n\t\t\t\t\t data-ad-format=\"auto\"><\/ins>\r\n\t\t\t\t<script>\r\n\t\t\t\t(adsbygoogle = window.adsbygoogle || []).push({});\r\n\t\t\t\t<\/script><\/div><p>La crisi c&#8217;\u00e8, \u00e8 inutile negarlo. Basta farsi un giro nelle aziende di qualsiasi consorzio o area produttiva per notare un significativo calo della produzione. Con il mio lavoro giro abbastanza per il casertano dove ci sono numerose industrie, ed \u00e8 davvero triste ascoltare il silenzio di una pressa di 20 tonnellate spenta, quando fino ad un anno fa era a pieno regime con il suo assordante boato. Ma, \u00e8 questo ci fa immensamente piacere, sembra che qualcosa si stia muovendo e a farla da padrone \u00e8 l&#8217;indotto del lavoro figlio dell&#8217;innovazione. A recuperare \u00e8, appunto, il settore dell&#8217;innovazione e il recupero del commercio a dettaglio, almeno da quanto leggiamo su <a title=\"Offerte Lvoro MioJob, Repubblica.it\" href=\"http:\/\/miojob.repubblica.it\/notizie-e-servizi\/notizie\/dettaglio\/le-carriere-del-nuovo-lavoro-energia-verde-credito-e-ricerca\/3697880\" target=\"_blank\">mioJob di Repubblica.it<\/a>.<!--more--><\/p>\n<p>Tra le imprese che maggiormente si stanno facendo notare e che si stanno impegnando nelle assunzioni ci sono: <a title=\"Krannich Solar\" href=\"http:\/\/cms.krannich-solar.com\/it\/italiano\" target=\"_blank\">Krannich Solar<\/a>, <a title=\"Barcalays\" href=\"http:\/\/www.barclays.it\/\" target=\"_blank\">Barclays<\/a>, <a title=\"Jaked\" href=\"http:\/\/www.jaked.it\/\" target=\"_blank\">Jaked<\/a> e <a title=\"Autogrill\" href=\"http:\/\/www.autogrill.it\/splash.html\" target=\"_blank\">Gruppo Autogrill<\/a>. La provincia che spicca di p\u00f9 \u00e8 quella di Milano che ha quasi il triplo delle offerte di lavoro che ci sono a Roma, che \u00e8 la seconda provincia a farsi notare. Amministrazione e controllo sono le aree in cui c&#8217;\u00e8 maggiore richiesta di occupazione, seguite dalla produzione, dal turismo, dal commercio ed in ultimo, portroppo, la ricerca.<\/p>\n<p>Vi rimando all&#8217;articolo su mioJob per consultare le migliaia di offerte di lavoro che ci sono e che confermano questo lieve andamento di ripresa.<\/p>\n<p><a title=\"Offerte Lvoro MioJob, Repubblica.it\" href=\"http:\/\/miojob.repubblica.it\/notizie-e-servizi\/notizie\/dettaglio\/le-carriere-del-nuovo-lavoro-energia-verde-credito-e-ricerca\/3697880\" target=\"_blank\">Leggi l&#8217;articolo su mioJob<\/a>.<\/p>\n","protected":false},"excerpt":{"rendered":"<p>La crisi c&#8217;\u00e8, \u00e8 inutile negarlo. Basta farsi un giro nelle aziende di qualsiasi consorzio o area produttiva per notare un significativo calo della produzione. Con il mio lavoro giro abbastanza per il casertano dove ci sono numerose industrie, ed \u00e8 davvero triste ascoltare il silenzio di una pressa di 20 tonnellate spenta, quando fino [&hellip;]<\/p>\n","protected":false},"author":1,"featured_media":0,"comment_status":"open","ping_status":"open","sticky":false,"template":"","format":"standard","meta":{"_links_to":"","_links_to_target":""},"categories":[1],"tags":[],"yoast_head":"<!-- This site is optimized with the Yoast SEO plugin v15.1.1 - https:\/\/yoast.com\/wordpress\/plugins\/seo\/ -->\r\n<meta name=\"robots\" content=\"index, follow, max-snippet:-1, max-image-preview:large, max-video-preview:-1\" \/>\r\n<link rel=\"canonical\" href=\"http:\/\/www.inambiente.it\/index.php\/2009\/09\/offerte-di-lavoro-in-aumento-la-lieve-ripresa-dalla-crisi-sta-rilanciando-loccupazione-la-provincia-di-milano-e-quella-con-piu-offerte\/\" \/>\r\n<meta property=\"og:locale\" content=\"it_IT\" \/>\r\n<meta property=\"og:type\" content=\"article\" \/>\r\n<meta property=\"og:title\" content=\"Offerte di Lavoro in aumento. La lieve ripresa dalla crisi sta rilanciando l&#039;occupazione. La provincia di Milano \u00e8 quella con pi\u00f9 offerte. - InAmbienTe\" \/>\r\n<meta property=\"og:description\" content=\"La crisi c&#8217;\u00e8, \u00e8 inutile negarlo. Basta farsi un giro nelle aziende di qualsiasi consorzio o area produttiva per notare un significativo calo della produzione. Con il mio lavoro giro abbastanza per il casertano dove ci sono numerose industrie, ed \u00e8 davvero triste ascoltare il silenzio di una pressa di 20 tonnellate spenta, quando fino [&hellip;]\" \/>\r\n<meta property=\"og:url\" content=\"http:\/\/www.inambiente.it\/index.php\/2009\/09\/offerte-di-lavoro-in-aumento-la-lieve-ripresa-dalla-crisi-sta-rilanciando-loccupazione-la-provincia-di-milano-e-quella-con-piu-offerte\/\" \/>\r\n<meta property=\"og:site_name\" content=\"InAmbienTe\" \/>\r\n<meta property=\"article:publisher\" content=\"https:\/\/www.facebook.com\/inambiente\" \/>\r\n<meta property=\"article:published_time\" content=\"2009-09-22T09:04:27+00:00\" \/>\r\n<meta name=\"twitter:card\" content=\"summary\" \/>\r\n<script type=\"application\/ld+json\" class=\"yoast-schema-graph\">{\"@context\":\"https:\/\/schema.org\",\"@graph\":[{\"@type\":\"WebSite\",\"@id\":\"http:\/\/www.inambiente.it\/#website\",\"url\":\"http:\/\/www.inambiente.it\/\",\"name\":\"InAmbienTe\",\"description\":\"Il Portale degli Studenti di Ingegneria\",\"potentialAction\":[{\"@type\":\"SearchAction\",\"target\":\"http:\/\/www.inambiente.it\/?s={search_term_string}\",\"query-input\":\"required name=search_term_string\"}],\"inLanguage\":\"it-IT\"},{\"@type\":\"WebPage\",\"@id\":\"http:\/\/www.inambiente.it\/index.php\/2009\/09\/offerte-di-lavoro-in-aumento-la-lieve-ripresa-dalla-crisi-sta-rilanciando-loccupazione-la-provincia-di-milano-e-quella-con-piu-offerte\/#webpage\",\"url\":\"http:\/\/www.inambiente.it\/index.php\/2009\/09\/offerte-di-lavoro-in-aumento-la-lieve-ripresa-dalla-crisi-sta-rilanciando-loccupazione-la-provincia-di-milano-e-quella-con-piu-offerte\/\",\"name\":\"Offerte di Lavoro in aumento. La lieve ripresa dalla crisi sta rilanciando l&#039;occupazione. La provincia di Milano \\u00e8 quella con pi\\u00f9 offerte. - InAmbienTe\",\"isPartOf\":{\"@id\":\"http:\/\/www.inambiente.it\/#website\"},\"datePublished\":\"2009-09-22T09:04:27+00:00\",\"dateModified\":\"2009-09-22T09:04:27+00:00\",\"author\":{\"@id\":\"http:\/\/www.inambiente.it\/#\/schema\/person\/5518ecc20e8869b76680d825685acee9\"},\"inLanguage\":\"it-IT\",\"potentialAction\":[{\"@type\":\"ReadAction\",\"target\":[\"http:\/\/www.inambiente.it\/index.php\/2009\/09\/offerte-di-lavoro-in-aumento-la-lieve-ripresa-dalla-crisi-sta-rilanciando-loccupazione-la-provincia-di-milano-e-quella-con-piu-offerte\/\"]}]},{\"@type\":\"Person\",\"@id\":\"http:\/\/www.inambiente.it\/#\/schema\/person\/5518ecc20e8869b76680d825685acee9\",\"name\":\"Domenico Di Nardo\",\"image\":{\"@type\":\"ImageObject\",\"@id\":\"http:\/\/www.inambiente.it\/#personlogo\",\"inLanguage\":\"it-IT\",\"url\":\"http:\/\/1.gravatar.com\/avatar\/aabcf4979f8cee415e34471172295b9c?s=96&d=mm&r=g\",\"caption\":\"Domenico Di Nardo\"},\"sameAs\":[\"http:\/\/www.inambiente.it\"]}]}<\/script>\r\n<!-- \/ Yoast SEO plugin. -->","_links":{"self":[{"href":"http:\/\/www.inambiente.it\/index.php\/wp-json\/wp\/v2\/posts\/332"}],"collection":[{"href":"http:\/\/www.inambiente.it\/index.php\/wp-json\/wp\/v2\/posts"}],"about":[{"href":"http:\/\/www.inambiente.it\/index.php\/wp-json\/wp\/v2\/types\/post"}],"author":[{"embeddable":true,"href":"http:\/\/www.inambiente.it\/index.php\/wp-json\/wp\/v2\/users\/1"}],"replies":[{"embeddable":true,"href":"http:\/\/www.inambiente.it\/index.php\/wp-json\/wp\/v2\/comments?post=332"}],"version-history":[{"count":0,"href":"http:\/\/www.inambiente.it\/index.php\/wp-json\/wp\/v2\/posts\/332\/revisions"}],"wp:attachment":[{"href":"http:\/\/www.inambiente.it\/index.php\/wp-json\/wp\/v2\/media?parent=332"}],"wp:term":[{"taxonomy":"category","embeddable":true,"href":"http:\/\/www.inambiente.it\/index.php\/wp-json\/wp\/v2\/categories?post=332"},{"taxonomy":"post_tag","embeddable":true,"href":"http:\/\/www.inambiente.it\/index.php\/wp-json\/wp\/v2\/tags?post=332"}],"curies":[{"name":"wp","href":"https:\/\/api.w.org\/{rel}","templated":true}]}}