{"id":257,"date":"2009-08-06T17:56:03","date_gmt":"2009-08-06T15:56:03","guid":{"rendered":"http:\/\/www.inambiente.it\/inblog\/?p=257"},"modified":"2009-08-06T17:56:03","modified_gmt":"2009-08-06T15:56:03","slug":"buone-vacanze-a-tutti","status":"publish","type":"post","link":"http:\/\/www.inambiente.it\/index.php\/2009\/08\/buone-vacanze-a-tutti\/","title":{"rendered":"Buone vacanze a tutti."},"content":{"rendered":"<div id=\"ri_adv_end_content\"><script async src=\"\/\/pagead2.googlesyndication.com\/pagead\/js\/adsbygoogle.js\"><\/script>\r\n\t\t\t\t<!-- Appunti Ingegneria -->\r\n\t\t\t\t<ins class=\"adsbygoogle\"\r\n\t\t\t\t\t style=\"display:block\"\r\n\t\t\t\t\t data-ad-client=\"ca-pub-5194127282884067\"\r\n\t\t\t\t\t data-ad-slot=\"8299779634\"\r\n\t\t\t\t\t data-ad-format=\"auto\"><\/ins>\r\n\t\t\t\t<script>\r\n\t\t\t\t(adsbygoogle = window.adsbygoogle || []).push({});\r\n\t\t\t\t<\/script><\/div><p>InAmbienTe vi augura di trascorrere un bel periodo ristoratore all&#8217;ombra di una bella palma in riva ad un mare limpido e con una bella sabbia bianca&#8230; se, per\u00f2, la vostra realt\u00e0 sar\u00e0 quella di una vacanza di studio per recuperare gli esami&#8230; beh&#8230; allora vi auguro un in bocca al lupo grandissimo&#8230; prima o poi arriver\u00e0 quel meritato riposo che vi spetta.<\/p>\n<p>Buon tutto!!!!<\/p>\n","protected":false},"excerpt":{"rendered":"<p>InAmbienTe vi augura di trascorrere un bel periodo ristoratore all&#8217;ombra di una bella palma in riva ad un mare limpido e con una bella sabbia bianca&#8230; se, per\u00f2, la vostra realt\u00e0 sar\u00e0 quella di una vacanza di studio per recuperare gli esami&#8230; beh&#8230; allora vi auguro un in bocca al lupo grandissimo&#8230; prima o poi [&hellip;]<\/p>\n","protected":false},"author":24,"featured_media":0,"comment_status":"open","ping_status":"open","sticky":false,"template":"","format":"standard","meta":{"_links_to":"","_links_to_target":""},"categories":[1],"tags":[],"yoast_head":"<!-- This site is optimized with the Yoast SEO plugin v15.1.1 - https:\/\/yoast.com\/wordpress\/plugins\/seo\/ -->\r\n<meta name=\"robots\" content=\"index, follow, max-snippet:-1, max-image-preview:large, max-video-preview:-1\" \/>\r\n<link rel=\"canonical\" href=\"https:\/\/www.inambiente.it\/index.php\/2009\/08\/buone-vacanze-a-tutti\/\" \/>\r\n<meta property=\"og:locale\" content=\"it_IT\" \/>\r\n<meta property=\"og:type\" content=\"article\" \/>\r\n<meta property=\"og:title\" content=\"Buone vacanze a tutti. - InAmbienTe\" \/>\r\n<meta property=\"og:description\" content=\"InAmbienTe vi augura di trascorrere un bel periodo ristoratore all&#8217;ombra di una bella palma in riva ad un mare limpido e con una bella sabbia bianca&#8230; se, per\u00f2, la vostra realt\u00e0 sar\u00e0 quella di una vacanza di studio per recuperare gli esami&#8230; beh&#8230; allora vi auguro un in bocca al lupo grandissimo&#8230; prima o poi [&hellip;]\" \/>\r\n<meta property=\"og:url\" content=\"https:\/\/www.inambiente.it\/index.php\/2009\/08\/buone-vacanze-a-tutti\/\" \/>\r\n<meta property=\"og:site_name\" content=\"InAmbienTe\" \/>\r\n<meta property=\"article:publisher\" content=\"https:\/\/www.facebook.com\/inambiente\" \/>\r\n<meta property=\"article:published_time\" content=\"2009-08-06T15:56:03+00:00\" \/>\r\n<meta name=\"twitter:card\" content=\"summary\" \/>\r\n<script type=\"application\/ld+json\" class=\"yoast-schema-graph\">{\"@context\":\"https:\/\/schema.org\",\"@graph\":[{\"@type\":\"WebSite\",\"@id\":\"http:\/\/www.inambiente.it\/#website\",\"url\":\"http:\/\/www.inambiente.it\/\",\"name\":\"InAmbienTe\",\"description\":\"Il Portale degli Studenti di Ingegneria\",\"potentialAction\":[{\"@type\":\"SearchAction\",\"target\":\"http:\/\/www.inambiente.it\/?s={search_term_string}\",\"query-input\":\"required name=search_term_string\"}],\"inLanguage\":\"it-IT\"},{\"@type\":\"WebPage\",\"@id\":\"https:\/\/www.inambiente.it\/index.php\/2009\/08\/buone-vacanze-a-tutti\/#webpage\",\"url\":\"https:\/\/www.inambiente.it\/index.php\/2009\/08\/buone-vacanze-a-tutti\/\",\"name\":\"Buone vacanze a tutti. - InAmbienTe\",\"isPartOf\":{\"@id\":\"http:\/\/www.inambiente.it\/#website\"},\"datePublished\":\"2009-08-06T15:56:03+00:00\",\"dateModified\":\"2009-08-06T15:56:03+00:00\",\"author\":{\"@id\":\"http:\/\/www.inambiente.it\/#\/schema\/person\/bf7848da8913bb9e7b9a040a14c8df85\"},\"inLanguage\":\"it-IT\",\"potentialAction\":[{\"@type\":\"ReadAction\",\"target\":[\"https:\/\/www.inambiente.it\/index.php\/2009\/08\/buone-vacanze-a-tutti\/\"]}]},{\"@type\":\"Person\",\"@id\":\"http:\/\/www.inambiente.it\/#\/schema\/person\/bf7848da8913bb9e7b9a040a14c8df85\",\"name\":\"domdin\",\"image\":{\"@type\":\"ImageObject\",\"@id\":\"http:\/\/www.inambiente.it\/#personlogo\",\"inLanguage\":\"it-IT\",\"url\":\"http:\/\/1.gravatar.com\/avatar\/18160cdd31d624be75915209b6e50fa2?s=96&d=mm&r=g\",\"caption\":\"domdin\"}}]}<\/script>\r\n<!-- \/ Yoast SEO plugin. -->","_links":{"self":[{"href":"http:\/\/www.inambiente.it\/index.php\/wp-json\/wp\/v2\/posts\/257"}],"collection":[{"href":"http:\/\/www.inambiente.it\/index.php\/wp-json\/wp\/v2\/posts"}],"about":[{"href":"http:\/\/www.inambiente.it\/index.php\/wp-json\/wp\/v2\/types\/post"}],"author":[{"embeddable":true,"href":"http:\/\/www.inambiente.it\/index.php\/wp-json\/wp\/v2\/users\/24"}],"replies":[{"embeddable":true,"href":"http:\/\/www.inambiente.it\/index.php\/wp-json\/wp\/v2\/comments?post=257"}],"version-history":[{"count":0,"href":"http:\/\/www.inambiente.it\/index.php\/wp-json\/wp\/v2\/posts\/257\/revisions"}],"wp:attachment":[{"href":"http:\/\/www.inambiente.it\/index.php\/wp-json\/wp\/v2\/media?parent=257"}],"wp:term":[{"taxonomy":"category","embeddable":true,"href":"http:\/\/www.inambiente.it\/index.php\/wp-json\/wp\/v2\/categories?post=257"},{"taxonomy":"post_tag","embeddable":true,"href":"http:\/\/www.inambiente.it\/index.php\/wp-json\/wp\/v2\/tags?post=257"}],"curies":[{"name":"wp","href":"https:\/\/api.w.org\/{rel}","templated":true}]}}