{"id":249,"date":"2009-01-24T16:46:06","date_gmt":"2009-01-24T14:46:06","guid":{"rendered":"http:\/\/www.inambiente.it\/inblog\/?p=249"},"modified":"2009-01-24T16:46:06","modified_gmt":"2009-01-24T14:46:06","slug":"la-speranza-del-nuovo-presidente-che-vuole-riposizionare-al-suo-posto-la-scienza-sara-fatto","status":"publish","type":"post","link":"http:\/\/www.inambiente.it\/index.php\/2009\/01\/la-speranza-del-nuovo-presidente-che-vuole-riposizionare-al-suo-posto-la-scienza-sara-fatto\/","title":{"rendered":"La speranza del nuovo presidente che vuole riposizionare al suo posto la scienza. Sar\u00e0 fatto?"},"content":{"rendered":"<div id=\"ri_adv_end_content\"><script async src=\"\/\/pagead2.googlesyndication.com\/pagead\/js\/adsbygoogle.js\"><\/script>\r\n\t\t\t\t<!-- Appunti Ingegneria -->\r\n\t\t\t\t<ins class=\"adsbygoogle\"\r\n\t\t\t\t\t style=\"display:block\"\r\n\t\t\t\t\t data-ad-client=\"ca-pub-5194127282884067\"\r\n\t\t\t\t\t data-ad-slot=\"8299779634\"\r\n\t\t\t\t\t data-ad-format=\"auto\"><\/ins>\r\n\t\t\t\t<script>\r\n\t\t\t\t(adsbygoogle = window.adsbygoogle || []).push({});\r\n\t\t\t\t<\/script><\/div><p>Quando improvvisamente vieni spinto su di un nuovo binario, beh&#8230;, l&#8217;equilibrio \u00e8 difficile da raggiungere, soprattutto se eventi imprevedibili condizionano il tuo locomotore. Ma, nonostante tutto, bisogna pure trovare il tempo per le vecchie e consilidate passioni&#8230; ed eccomi qua!<\/p>\n<p>Mentre io provo a ripartire con questo mio bel sito, dall&#8217;altra parte del mondo, il primo presidente americano di colore comincia un&#8217;avventura che ha gi\u00e0 cambiato ognuno di noi. <!--HP-->Capisco che il parallelo \u00e8 un po&#8217; forzato ma va a pennello con l&#8217;argomento di questo nuovo post: l&#8217;economia, l&#8217;ambiente e le fonti rinnovabili.<\/p>\n<p>Che i presidenti americani siano bravi oratori, su questo non ci piove (se solo i nostri politici avessero anche solo il 10% delle capacit\u00e0 di comunicazione dei politici americani, saremmo sicuramente un paese p\u00f9 civile), ma quanto i discorsi servano a convincere la gente e basta, questo non ci \u00e8 dato sapere. \u00c3\u02c6 facile e fa tendenza parlare di ambiente, di energie rinnovabili, di solate e di tutto quello che \u00e8 buono e che fa bene alla collettivit\u00e0, ma il difficile \u00e8 rendere reale ci\u00f2 che la propaganda promette. Proprio su questi temi voglio sensibilizzare i miei cari amici e lettori.<\/p>\n<blockquote><p>\u00c2\u00abCi servir\u00e0 riposizionare la scienza al suo giusto posto, e dobbiamo chiedere alla tecnologica di lavorare per aumentare la qualit\u00e0 dell\u00c2\u00b4assistenza sanitaria e abbassare i costi. Noi sfrutteremo il sole e il vento e il suolo per nutrire le nostre macchine e far funzionare le nostre fabbriche. E noi trasformeremo le nostre scuole e college e le universit\u00e0 per soddisfare le esigenze di una nuova era. Tutto questo lo possiamo fare. E tutto questo lo faremo\u00c2\u00bb.<\/p><\/blockquote>\n<p>Queste le semplici parole di Obama, che se andiamo ad analizzare sarebbero da tatuare sulla schiena di ogni essere umano. Basta partire dalla prima proposizione: <em>ci servir\u00e0 riposizionare la scienza al suo giusto posto<\/em>. Detta da un cittadino che vive nella patria della ricerca e dello sviluppo in ambito scientifico ci fa capire quanto il nostro paese, se non l&#8217;Europa intera, sia indietro. Sia chiaro, io non sono filo-americano, spesso il loro modo di fare non mi piace e non lo condivido, ma come nazione e come popolo c&#8217;\u00e8 molto da imparare da loro. Mettere la scienza al giusto posto \u00e8 cosa buona \u00e8 giusta, basti pensare che si era p\u00f9 legati alla scienza nel rinascimento o nell&#8217;illuminismo che oggi, ed \u00e8 paradossale visto che l&#8217;unico obbiettivo sembra quello di avere il cellulare p\u00f9 tecnologico invece che p\u00f9 efficiente per noi e per l&#8217;ambiente.<\/p>\n<p>Quello che Obama dice nella seconda proposizione, e cio\u00e8 che <em>dobbiamo chiedere alla tecnologica di lavorare per aumentare la qualit\u00e0 dell\u00c2\u00b4assistenza sanitaria e abbassare i costi<\/em>, forse ha dell&#8217;icredibile, almeno lo ha per me. Avere una visione cos\u00c3\u00ac aperta dello sviluppo e non pensare alla tecnologia come sola espressione del progresso \u00e8 davvero l&#8217;inizio di un nuovo percorso sociale. In pratica, vuole dire: tecnologia migliore uguale cittadini meglio assistiti. Lavorare per migliorare la vita e non per vendere p\u00f9 cellulari o pocket-pc o chiss\u00e0 cos&#8217;altro.<\/p>\n<p><em>Noi sfrutteremo il sole e il vento e il suolo per nutrire le nostre macchine e far funzionare le nostre fabbriche<\/em>, questa, la terza proposizione, \u00e8 forse la p\u00f9 banale e la p\u00f9 inflazionata ma \u00e8, senza dubbio, la formula futura della sopravvivenza. Sfruttare la natura per rendere naturale il processo evolutivo. Il sole \u00e8 una fonte prorompente di energia e disperderlo \u00e8 davvero stupido, cos\u00c3\u00ac come il vento e le innumerevoli propriet\u00e0 energetiche della terra. Catturare l&#8217;energia che invece andrebbe persa per convertirla in utilit\u00e0 e sviluppo \u00e8 l&#8217;equazione cardine della societ\u00e0 eco-sostenibile.<\/p>\n<p>La quarta proposizione<em> <\/em>\u00e8 quella\u00c2\u00a0che ho gradito di p\u00f9:<em> noi trasformeremo le nostre scuole e college e le universit\u00e0 per soddisfare le esigenze di una nuova era.<\/em> Le nostre universit\u00e0 stanno combattendo per la sopravvivenza, per restare a galla, le universit\u00e0 p\u00f9 antiche del mondo vivono l&#8217;agonia della distruzione mentre Obama si impegna a trasformale le sue in strumenti efficiente per la nuova era. Avere un sistema di istruzione efficiente e funzionale, che tenga conto di quanto il mondo e chi ci vive siano cambiati \u00e8 l&#8217;unico modo per avere, domani, scienziati e cittadini pronti a vivere il presente. E credo proprio che da noi, questo, non lo hanno capito.<\/p>\n<p><em>Tutto questo lo possiamo fare.<\/em> E non \u00e8 l&#8217;unico a pensarlo, perch\u00c3\u00a9 sono convinto che anche da noi tutte queste semplici proposizioni possano essere messe in pratica con profitti molto superiori a quelli degli americani, ma, come sappiamo, siamo inadeguati al cambiamento, cos\u00c3\u00ac come lo sono i nostri politici.<\/p>\n<p><em>E tutto questo lo faremo. <\/em>Questo \u00e8 l&#8217;unico punto che mi preoccupa. Infatti, ritornando alla frase di apertura di questo mio post, saper orare \u00e8 un conto ma mettere in pratica ci\u00f2 che si \u00e8 detto \u00e8 tutt&#8217;altra cosa. Almeno la speranza e lo slancio delle belle parole ci sono ma c&#8217;\u00e8 anche il dovere e l&#8217;impegno di rendere reale un sogno che pu\u00f2 davvero cambiare il mondo. Lo sviluppo \u00e8, per definizione, crescita, e quando si cresce bisogna anche imparare nuove cose&#8230; beh&#8230; Obama ce ne ha insegnata qualcuna, ma ora bisogna imparare a&#8230; fare.<\/p>\n<p><em>P.s. Ringrazio Edoardo per lo slancio che mi ha dato nel ripartire.<\/em><\/p>\n","protected":false},"excerpt":{"rendered":"<p>Quando improvvisamente vieni spinto su di un nuovo binario, beh&#8230;, l&#8217;equilibrio \u00e8 difficile da raggiungere, soprattutto se eventi imprevedibili condizionano il tuo locomotore. Ma, nonostante tutto, bisogna pure trovare il tempo per le vecchie e consilidate passioni&#8230; ed eccomi qua! Mentre io provo a ripartire con questo mio bel sito, dall&#8217;altra parte del mondo, il [&hellip;]<\/p>\n","protected":false},"author":1,"featured_media":0,"comment_status":"open","ping_status":"open","sticky":false,"template":"","format":"standard","meta":{"_links_to":"","_links_to_target":""},"categories":[1],"tags":[],"yoast_head":"<!-- This site is optimized with the Yoast SEO plugin v15.1.1 - https:\/\/yoast.com\/wordpress\/plugins\/seo\/ -->\r\n<meta name=\"robots\" content=\"index, follow, max-snippet:-1, max-image-preview:large, max-video-preview:-1\" \/>\r\n<link rel=\"canonical\" href=\"http:\/\/www.inambiente.it\/index.php\/2009\/01\/la-speranza-del-nuovo-presidente-che-vuole-riposizionare-al-suo-posto-la-scienza-sara-fatto\/\" \/>\r\n<meta property=\"og:locale\" content=\"it_IT\" \/>\r\n<meta property=\"og:type\" content=\"article\" \/>\r\n<meta property=\"og:title\" content=\"La speranza del nuovo presidente che vuole riposizionare al suo posto la scienza. Sar\u00e0 fatto? - InAmbienTe\" \/>\r\n<meta property=\"og:description\" content=\"Quando improvvisamente vieni spinto su di un nuovo binario, beh&#8230;, l&#8217;equilibrio \u00e8 difficile da raggiungere, soprattutto se eventi imprevedibili condizionano il tuo locomotore. Ma, nonostante tutto, bisogna pure trovare il tempo per le vecchie e consilidate passioni&#8230; ed eccomi qua! Mentre io provo a ripartire con questo mio bel sito, dall&#8217;altra parte del mondo, il [&hellip;]\" \/>\r\n<meta property=\"og:url\" content=\"http:\/\/www.inambiente.it\/index.php\/2009\/01\/la-speranza-del-nuovo-presidente-che-vuole-riposizionare-al-suo-posto-la-scienza-sara-fatto\/\" \/>\r\n<meta property=\"og:site_name\" content=\"InAmbienTe\" \/>\r\n<meta property=\"article:publisher\" content=\"https:\/\/www.facebook.com\/inambiente\" \/>\r\n<meta property=\"article:published_time\" content=\"2009-01-24T14:46:06+00:00\" \/>\r\n<meta name=\"twitter:card\" content=\"summary\" \/>\r\n<script type=\"application\/ld+json\" class=\"yoast-schema-graph\">{\"@context\":\"https:\/\/schema.org\",\"@graph\":[{\"@type\":\"WebSite\",\"@id\":\"http:\/\/www.inambiente.it\/#website\",\"url\":\"http:\/\/www.inambiente.it\/\",\"name\":\"InAmbienTe\",\"description\":\"Il Portale degli Studenti di Ingegneria\",\"potentialAction\":[{\"@type\":\"SearchAction\",\"target\":\"http:\/\/www.inambiente.it\/?s={search_term_string}\",\"query-input\":\"required name=search_term_string\"}],\"inLanguage\":\"it-IT\"},{\"@type\":\"WebPage\",\"@id\":\"http:\/\/www.inambiente.it\/index.php\/2009\/01\/la-speranza-del-nuovo-presidente-che-vuole-riposizionare-al-suo-posto-la-scienza-sara-fatto\/#webpage\",\"url\":\"http:\/\/www.inambiente.it\/index.php\/2009\/01\/la-speranza-del-nuovo-presidente-che-vuole-riposizionare-al-suo-posto-la-scienza-sara-fatto\/\",\"name\":\"La speranza del nuovo presidente che vuole riposizionare al suo posto la scienza. Sar\\u00e0 fatto? - InAmbienTe\",\"isPartOf\":{\"@id\":\"http:\/\/www.inambiente.it\/#website\"},\"datePublished\":\"2009-01-24T14:46:06+00:00\",\"dateModified\":\"2009-01-24T14:46:06+00:00\",\"author\":{\"@id\":\"http:\/\/www.inambiente.it\/#\/schema\/person\/5518ecc20e8869b76680d825685acee9\"},\"inLanguage\":\"it-IT\",\"potentialAction\":[{\"@type\":\"ReadAction\",\"target\":[\"http:\/\/www.inambiente.it\/index.php\/2009\/01\/la-speranza-del-nuovo-presidente-che-vuole-riposizionare-al-suo-posto-la-scienza-sara-fatto\/\"]}]},{\"@type\":\"Person\",\"@id\":\"http:\/\/www.inambiente.it\/#\/schema\/person\/5518ecc20e8869b76680d825685acee9\",\"name\":\"Domenico Di Nardo\",\"image\":{\"@type\":\"ImageObject\",\"@id\":\"http:\/\/www.inambiente.it\/#personlogo\",\"inLanguage\":\"it-IT\",\"url\":\"http:\/\/1.gravatar.com\/avatar\/aabcf4979f8cee415e34471172295b9c?s=96&d=mm&r=g\",\"caption\":\"Domenico Di Nardo\"},\"sameAs\":[\"http:\/\/www.inambiente.it\"]}]}<\/script>\r\n<!-- \/ Yoast SEO plugin. -->","_links":{"self":[{"href":"http:\/\/www.inambiente.it\/index.php\/wp-json\/wp\/v2\/posts\/249"}],"collection":[{"href":"http:\/\/www.inambiente.it\/index.php\/wp-json\/wp\/v2\/posts"}],"about":[{"href":"http:\/\/www.inambiente.it\/index.php\/wp-json\/wp\/v2\/types\/post"}],"author":[{"embeddable":true,"href":"http:\/\/www.inambiente.it\/index.php\/wp-json\/wp\/v2\/users\/1"}],"replies":[{"embeddable":true,"href":"http:\/\/www.inambiente.it\/index.php\/wp-json\/wp\/v2\/comments?post=249"}],"version-history":[{"count":0,"href":"http:\/\/www.inambiente.it\/index.php\/wp-json\/wp\/v2\/posts\/249\/revisions"}],"wp:attachment":[{"href":"http:\/\/www.inambiente.it\/index.php\/wp-json\/wp\/v2\/media?parent=249"}],"wp:term":[{"taxonomy":"category","embeddable":true,"href":"http:\/\/www.inambiente.it\/index.php\/wp-json\/wp\/v2\/categories?post=249"},{"taxonomy":"post_tag","embeddable":true,"href":"http:\/\/www.inambiente.it\/index.php\/wp-json\/wp\/v2\/tags?post=249"}],"curies":[{"name":"wp","href":"https:\/\/api.w.org\/{rel}","templated":true}]}}