{"id":245,"date":"2008-10-01T18:54:07","date_gmt":"2008-10-01T16:54:07","guid":{"rendered":"http:\/\/www.inambiente.it\/inblog\/?p=245"},"modified":"2008-10-01T18:54:07","modified_gmt":"2008-10-01T16:54:07","slug":"catturiamo-laianidride-carbonica-direttamente-dallaria-ora-si-puo","status":"publish","type":"post","link":"http:\/\/www.inambiente.it\/index.php\/2008\/10\/catturiamo-laianidride-carbonica-direttamente-dallaria-ora-si-puo\/","title":{"rendered":"Catturiamo l&#039;anidride carbonica direttamente dall&#039;aria, ora si pu\u00f2!"},"content":{"rendered":"<div id=\"ri_adv_end_content\"><script async src=\"\/\/pagead2.googlesyndication.com\/pagead\/js\/adsbygoogle.js\"><\/script>\r\n\t\t\t\t<!-- Appunti Ingegneria -->\r\n\t\t\t\t<ins class=\"adsbygoogle\"\r\n\t\t\t\t\t style=\"display:block\"\r\n\t\t\t\t\t data-ad-client=\"ca-pub-5194127282884067\"\r\n\t\t\t\t\t data-ad-slot=\"8299779634\"\r\n\t\t\t\t\t data-ad-format=\"auto\"><\/ins>\r\n\t\t\t\t<script>\r\n\t\t\t\t(adsbygoogle = window.adsbygoogle || []).push({});\r\n\t\t\t\t<\/script><\/div><p>Facciamo rimbalzare un articolo segnalatoci nel forum da un nostro utente che vede un nuovo sistema per la lotta all&#8217;effetto serra: la cattura della CO<sub>2<\/sub>. L&#8217;impianto, per ora un prototipo, \u00e8 stato progettato e realizzato nell&#8217;universit\u00e0 di Calgary dal prof. David Keith, il suo funzionamento \u00e8 semplice ed efficacie (almeno cos\u00c3\u00ac sembra). L&#8217;aria, aspirata attraverso una turbina, viene bombardata da particelle di idrossido di sodio (NaOH) che cattura la CO<sub>2<\/sub> permettendone lo smaltimento.<!--HP--> \u00c2\u00a0In pratica si utilizza un letto di NaOH o di Ca(OH)<sub>2<\/sub> che cattura l&#8217;anidride formando composti tipo Na<sub>2<\/sub>CO<sub>3<\/sub> che poi vengono rigenerati, in questo modo si recupera la CO&lt;sub&gt;2&lt;\/sub&gt; che pu\u00f2 essere compressa in serbatoi e utilizzata in diversi modi.<\/p>\n<p>L&#8217;impianto sembra interessante e, se la ricerca va a buon fine, permetterebbe la realizzazione di piccole torri cattura CO<sub>2<\/sub> da installare sui tetti delle nostre abitazioni. Comuqnue, mi sorgono non pochi dubbi sull&#8217;utilizzo di un tale impianti, in primo luogo sull&#8217;effettiva capacit\u00e0 di rimozione dell&#8217;anidride dall&#8217;aria dove, sappiamo benissimo avere una concentrazione bassissima e, quindi, difficile da catturare; in secondo luogo mi chiedo quanto vantaggioso possa essere sottrarre una componente dall&#8217;aria in modo cos\u00c3\u00ac diffuso (sui tetti delle case o, comunque, all&#8217;aperto). Come si fa a definire la giusta soglia di rimozione, il livello ottimale, vista la difficolt\u00e0 di monitoraggio? Inoltre, e questo mi rende ancora p\u00f9 perplesso, questo tipo di impianti potrebbe invogliare ancora di p\u00f9 nel puntare sull&#8217;energia non rinnovabile di origine fossile e rallentare, quindi, lo sviluppo delle rinnovabili.<\/p>\n<p>Insomma, a me non viene molto da cantare vittoria, e a voi? Per maggiori informazioni vi rimando alla <a title=\"Pubblicazione\" href=\"http:\/\/www.ucalgary.ca\/~keith\/papers\/97.Stolaroff.AirCaptureContactor.e.pdf\">pubblicazione <\/a>disponibile on line.<\/p>\n","protected":false},"excerpt":{"rendered":"<p>Facciamo rimbalzare un articolo segnalatoci nel forum da un nostro utente che vede un nuovo sistema per la lotta all&#8217;effetto serra: la cattura della CO2. L&#8217;impianto, per ora un prototipo, \u00e8 stato progettato e realizzato nell&#8217;universit\u00e0 di Calgary dal prof. David Keith, il suo funzionamento \u00e8 semplice ed efficacie (almeno cos\u00c3\u00ac sembra). L&#8217;aria, aspirata attraverso [&hellip;]<\/p>\n","protected":false},"author":1,"featured_media":0,"comment_status":"open","ping_status":"open","sticky":false,"template":"","format":"standard","meta":{"_links_to":"","_links_to_target":""},"categories":[1],"tags":[],"yoast_head":"<!-- This site is optimized with the Yoast SEO plugin v15.1.1 - https:\/\/yoast.com\/wordpress\/plugins\/seo\/ -->\r\n<meta name=\"robots\" content=\"index, follow, max-snippet:-1, max-image-preview:large, max-video-preview:-1\" \/>\r\n<link rel=\"canonical\" href=\"http:\/\/www.inambiente.it\/index.php\/2008\/10\/catturiamo-laianidride-carbonica-direttamente-dallaria-ora-si-puo\/\" \/>\r\n<meta property=\"og:locale\" content=\"it_IT\" \/>\r\n<meta property=\"og:type\" content=\"article\" \/>\r\n<meta property=\"og:title\" content=\"Catturiamo l&#039;anidride carbonica direttamente dall&#039;aria, ora si pu\u00f2! - InAmbienTe\" \/>\r\n<meta property=\"og:description\" content=\"Facciamo rimbalzare un articolo segnalatoci nel forum da un nostro utente che vede un nuovo sistema per la lotta all&#8217;effetto serra: la cattura della CO2. L&#8217;impianto, per ora un prototipo, \u00e8 stato progettato e realizzato nell&#8217;universit\u00e0 di Calgary dal prof. David Keith, il suo funzionamento \u00e8 semplice ed efficacie (almeno cos\u00c3\u00ac sembra). L&#8217;aria, aspirata attraverso [&hellip;]\" \/>\r\n<meta property=\"og:url\" content=\"http:\/\/www.inambiente.it\/index.php\/2008\/10\/catturiamo-laianidride-carbonica-direttamente-dallaria-ora-si-puo\/\" \/>\r\n<meta property=\"og:site_name\" content=\"InAmbienTe\" \/>\r\n<meta property=\"article:publisher\" content=\"https:\/\/www.facebook.com\/inambiente\" \/>\r\n<meta property=\"article:published_time\" content=\"2008-10-01T16:54:07+00:00\" \/>\r\n<meta name=\"twitter:card\" content=\"summary\" \/>\r\n<script type=\"application\/ld+json\" class=\"yoast-schema-graph\">{\"@context\":\"https:\/\/schema.org\",\"@graph\":[{\"@type\":\"WebSite\",\"@id\":\"http:\/\/www.inambiente.it\/#website\",\"url\":\"http:\/\/www.inambiente.it\/\",\"name\":\"InAmbienTe\",\"description\":\"Il Portale degli Studenti di Ingegneria\",\"potentialAction\":[{\"@type\":\"SearchAction\",\"target\":\"http:\/\/www.inambiente.it\/?s={search_term_string}\",\"query-input\":\"required name=search_term_string\"}],\"inLanguage\":\"it-IT\"},{\"@type\":\"WebPage\",\"@id\":\"http:\/\/www.inambiente.it\/index.php\/2008\/10\/catturiamo-laianidride-carbonica-direttamente-dallaria-ora-si-puo\/#webpage\",\"url\":\"http:\/\/www.inambiente.it\/index.php\/2008\/10\/catturiamo-laianidride-carbonica-direttamente-dallaria-ora-si-puo\/\",\"name\":\"Catturiamo l&#039;anidride carbonica direttamente dall&#039;aria, ora si pu\\u00f2! - InAmbienTe\",\"isPartOf\":{\"@id\":\"http:\/\/www.inambiente.it\/#website\"},\"datePublished\":\"2008-10-01T16:54:07+00:00\",\"dateModified\":\"2008-10-01T16:54:07+00:00\",\"author\":{\"@id\":\"http:\/\/www.inambiente.it\/#\/schema\/person\/5518ecc20e8869b76680d825685acee9\"},\"inLanguage\":\"it-IT\",\"potentialAction\":[{\"@type\":\"ReadAction\",\"target\":[\"http:\/\/www.inambiente.it\/index.php\/2008\/10\/catturiamo-laianidride-carbonica-direttamente-dallaria-ora-si-puo\/\"]}]},{\"@type\":\"Person\",\"@id\":\"http:\/\/www.inambiente.it\/#\/schema\/person\/5518ecc20e8869b76680d825685acee9\",\"name\":\"Domenico Di Nardo\",\"image\":{\"@type\":\"ImageObject\",\"@id\":\"http:\/\/www.inambiente.it\/#personlogo\",\"inLanguage\":\"it-IT\",\"url\":\"http:\/\/1.gravatar.com\/avatar\/aabcf4979f8cee415e34471172295b9c?s=96&d=mm&r=g\",\"caption\":\"Domenico Di Nardo\"},\"sameAs\":[\"http:\/\/www.inambiente.it\"]}]}<\/script>\r\n<!-- \/ Yoast SEO plugin. -->","_links":{"self":[{"href":"http:\/\/www.inambiente.it\/index.php\/wp-json\/wp\/v2\/posts\/245"}],"collection":[{"href":"http:\/\/www.inambiente.it\/index.php\/wp-json\/wp\/v2\/posts"}],"about":[{"href":"http:\/\/www.inambiente.it\/index.php\/wp-json\/wp\/v2\/types\/post"}],"author":[{"embeddable":true,"href":"http:\/\/www.inambiente.it\/index.php\/wp-json\/wp\/v2\/users\/1"}],"replies":[{"embeddable":true,"href":"http:\/\/www.inambiente.it\/index.php\/wp-json\/wp\/v2\/comments?post=245"}],"version-history":[{"count":0,"href":"http:\/\/www.inambiente.it\/index.php\/wp-json\/wp\/v2\/posts\/245\/revisions"}],"wp:attachment":[{"href":"http:\/\/www.inambiente.it\/index.php\/wp-json\/wp\/v2\/media?parent=245"}],"wp:term":[{"taxonomy":"category","embeddable":true,"href":"http:\/\/www.inambiente.it\/index.php\/wp-json\/wp\/v2\/categories?post=245"},{"taxonomy":"post_tag","embeddable":true,"href":"http:\/\/www.inambiente.it\/index.php\/wp-json\/wp\/v2\/tags?post=245"}],"curies":[{"name":"wp","href":"https:\/\/api.w.org\/{rel}","templated":true}]}}