{"id":239,"date":"2008-07-11T13:38:03","date_gmt":"2008-07-11T11:38:03","guid":{"rendered":"http:\/\/www.inambiente.it\/inblog\/?p=239"},"modified":"2008-07-11T13:38:03","modified_gmt":"2008-07-11T11:38:03","slug":"federico-ii-napoli-e-scontro-tra-docenti-e-studenti-sullaumento-delle-tasse","status":"publish","type":"post","link":"http:\/\/www.inambiente.it\/index.php\/2008\/07\/federico-ii-napoli-e-scontro-tra-docenti-e-studenti-sullaumento-delle-tasse\/","title":{"rendered":"Federico II  Napoli: \u00e8 scontro tra docenti e studenti sull&#039;aumento delle tasse."},"content":{"rendered":"<div id=\"ri_adv_end_content\"><script async src=\"\/\/pagead2.googlesyndication.com\/pagead\/js\/adsbygoogle.js\"><\/script>\r\n\t\t\t\t<!-- Appunti Ingegneria -->\r\n\t\t\t\t<ins class=\"adsbygoogle\"\r\n\t\t\t\t\t style=\"display:block\"\r\n\t\t\t\t\t data-ad-client=\"ca-pub-5194127282884067\"\r\n\t\t\t\t\t data-ad-slot=\"8299779634\"\r\n\t\t\t\t\t data-ad-format=\"auto\"><\/ins>\r\n\t\t\t\t<script>\r\n\t\t\t\t(adsbygoogle = window.adsbygoogle || []).push({});\r\n\t\t\t\t<\/script><\/div><p>Ci \u00e8 appena arrivata una email da parte di Marco Race (assingegneria) su un tema che sta creando non poche tensioni nel mondo universitario partenopeo. Per discutere e sensibilizzare i responsabili, luned\u00c3\u00ac 14 alle 9 \u00e8 stato fissato un incontro davanti all&#8217;aula Pessina per protestare contro l&#8217;aumento delle tasse.<!--HP--><\/p>\n<p>Di seguito il testo integrale della mail.<\/p>\n<blockquote><p>Scontro in ateneo tra studenti e docenti sull&#8217;aumento delle tasse. In senato accademico luned\u00c3\u00ac 14 luglio c&#8217;\u00e8 la votazione su due proposte avanzate una dai docenti e i presidi, l&#8217;altra dai rappresentanti degli studenti in seno al consiglio di ateneo: non c&#8217;\u00e8 ancora una mediazione!<\/p><\/blockquote>\n<blockquote><p>Cari amici e colleghi di studio, quello che ci troviamo ad affrontare \u00e8 un momento molto delicato per la storia universitaria della Federico II, \u00e8 infatti in discussione il cambiamento del modello su cui si basa il pagamento delle tasse universitarie, che non sar\u00e0 p\u00f9 l&#8217;ICE ma l&#8217;ISEE. Questo significa che nel computo per la determinazione delle tasse non si terr\u00e0 conto p\u00f9 del netto (ICE) ma del lordo (ISEE) ed inoltre si terr\u00e0 conto del possesso di beni immobili per un valore catastale superiore ai 51650 \u00e2\u201a\u00ac.<\/p><\/blockquote>\n<blockquote><p>La commissione di professori che si \u00e8 occupata di questo tema ha proposto un modello per il passaggio della contribuzione basata sull&#8217;ICE a quella basata su ISEE che prevede l&#8217;aumento del 18% delle vecchie fasce ICE. Questa correzione del 18% esaminata da una commissione di studenti e dal consiglio di Ateneo \u00e8 risultata non sufficiente a garantire che nel passaggio da ICE a ISEE non ci sarebbero stati cambiamenti di fasce. Pertanto il Consiglio di Ateneo, tra le varie proposte, ha votato favorevolmente all&#8217;unanimit\u00e0 la proposta dell&#8217;ASSI e della Confederazione degli Studenti di &#8220;lordizzare&#8221; almeno del 45% le vecchie fasce ICE.<\/p><\/blockquote>\n<blockquote><p>Questo documento verr\u00e0 discusso luned\u00c3\u00ac 14 Luglio2008 in Senato Accademico insieme alla proposta fatta dalla commissione di professori che \u00e8 gi\u00e0 stata bocciata dal Consiglio di Ateneo. Purtroppo in tale assise gli studenti sono in numero nettamente inferiore rispetto ai professori e la nostra proposta rischia di essere bocciata. Inoltre, dopo che il documento votato dal Consiglio degli studenti di Ateneo \u00e8 stato ratificato dagli Organi Collegiali, il Rettore non ha richiesto alla commissione di studenti che si stava occupando della questione nessun confronto. Seppur consci dei tagli operati in finanziaria e delle difficolt\u00e0 a cui tutte le Facolt\u00e0 pubbliche italiane andranno incontro, riteniamo che un confronto aperto e sincero sia sempre il miglior modo per affrontare insieme (rettore, presidi, professori e studenti) i problemi.<\/p><\/blockquote>\n<blockquote><p>Invitiamo pertanto tutti gli studenti che hanno a cuore il proprio futuro finanziario di venire luned\u00c3\u00ac 14 Luglio alle ore 9.00 davanti all&#8217;aula Pessina nella sede centrale dell&#8217;universit\u00e0 alCorso Umberto prima che inizi il senato accademico, per sostenere le nostre, e le vostre, ragioni<\/p><\/blockquote>\n<blockquote><p>ASSI-ASSOCIAZIONE STUDENTI DI INGEGNERIA<br \/>\nPer ulteriori info contattare: infoassi@email.it<br \/>\nindirizzo hotmail: assingegneria@hotmail.it<br \/>\nwww.assingegneria.it<\/p><\/blockquote>\n","protected":false},"excerpt":{"rendered":"<p>Ci \u00e8 appena arrivata una email da parte di Marco Race (assingegneria) su un tema che sta creando non poche tensioni nel mondo universitario partenopeo. Per discutere e sensibilizzare i responsabili, luned\u00c3\u00ac 14 alle 9 \u00e8 stato fissato un incontro davanti all&#8217;aula Pessina per protestare contro l&#8217;aumento delle tasse. Di seguito il testo integrale della [&hellip;]<\/p>\n","protected":false},"author":24,"featured_media":0,"comment_status":"open","ping_status":"open","sticky":false,"template":"","format":"standard","meta":{"_links_to":"","_links_to_target":""},"categories":[1],"tags":[],"yoast_head":"<!-- This site is optimized with the Yoast SEO plugin v15.1.1 - https:\/\/yoast.com\/wordpress\/plugins\/seo\/ -->\r\n<meta name=\"robots\" content=\"index, follow, max-snippet:-1, max-image-preview:large, max-video-preview:-1\" \/>\r\n<link rel=\"canonical\" href=\"http:\/\/www.inambiente.it\/index.php\/2008\/07\/federico-ii-napoli-e-scontro-tra-docenti-e-studenti-sullaumento-delle-tasse\/\" \/>\r\n<meta property=\"og:locale\" content=\"it_IT\" \/>\r\n<meta property=\"og:type\" content=\"article\" \/>\r\n<meta property=\"og:title\" content=\"Federico II Napoli: \u00e8 scontro tra docenti e studenti sull&#039;aumento delle tasse. - InAmbienTe\" \/>\r\n<meta property=\"og:description\" content=\"Ci \u00e8 appena arrivata una email da parte di Marco Race (assingegneria) su un tema che sta creando non poche tensioni nel mondo universitario partenopeo. Per discutere e sensibilizzare i responsabili, luned\u00c3\u00ac 14 alle 9 \u00e8 stato fissato un incontro davanti all&#8217;aula Pessina per protestare contro l&#8217;aumento delle tasse. Di seguito il testo integrale della [&hellip;]\" \/>\r\n<meta property=\"og:url\" content=\"http:\/\/www.inambiente.it\/index.php\/2008\/07\/federico-ii-napoli-e-scontro-tra-docenti-e-studenti-sullaumento-delle-tasse\/\" \/>\r\n<meta property=\"og:site_name\" content=\"InAmbienTe\" \/>\r\n<meta property=\"article:publisher\" content=\"https:\/\/www.facebook.com\/inambiente\" \/>\r\n<meta property=\"article:published_time\" content=\"2008-07-11T11:38:03+00:00\" \/>\r\n<meta name=\"twitter:card\" content=\"summary\" \/>\r\n<script type=\"application\/ld+json\" class=\"yoast-schema-graph\">{\"@context\":\"https:\/\/schema.org\",\"@graph\":[{\"@type\":\"WebSite\",\"@id\":\"http:\/\/www.inambiente.it\/#website\",\"url\":\"http:\/\/www.inambiente.it\/\",\"name\":\"InAmbienTe\",\"description\":\"Il Portale degli Studenti di Ingegneria\",\"potentialAction\":[{\"@type\":\"SearchAction\",\"target\":\"http:\/\/www.inambiente.it\/?s={search_term_string}\",\"query-input\":\"required name=search_term_string\"}],\"inLanguage\":\"it-IT\"},{\"@type\":\"WebPage\",\"@id\":\"http:\/\/www.inambiente.it\/index.php\/2008\/07\/federico-ii-napoli-e-scontro-tra-docenti-e-studenti-sullaumento-delle-tasse\/#webpage\",\"url\":\"http:\/\/www.inambiente.it\/index.php\/2008\/07\/federico-ii-napoli-e-scontro-tra-docenti-e-studenti-sullaumento-delle-tasse\/\",\"name\":\"Federico II Napoli: \\u00e8 scontro tra docenti e studenti sull&#039;aumento delle tasse. - InAmbienTe\",\"isPartOf\":{\"@id\":\"http:\/\/www.inambiente.it\/#website\"},\"datePublished\":\"2008-07-11T11:38:03+00:00\",\"dateModified\":\"2008-07-11T11:38:03+00:00\",\"author\":{\"@id\":\"http:\/\/www.inambiente.it\/#\/schema\/person\/bf7848da8913bb9e7b9a040a14c8df85\"},\"inLanguage\":\"it-IT\",\"potentialAction\":[{\"@type\":\"ReadAction\",\"target\":[\"http:\/\/www.inambiente.it\/index.php\/2008\/07\/federico-ii-napoli-e-scontro-tra-docenti-e-studenti-sullaumento-delle-tasse\/\"]}]},{\"@type\":\"Person\",\"@id\":\"http:\/\/www.inambiente.it\/#\/schema\/person\/bf7848da8913bb9e7b9a040a14c8df85\",\"name\":\"domdin\",\"image\":{\"@type\":\"ImageObject\",\"@id\":\"http:\/\/www.inambiente.it\/#personlogo\",\"inLanguage\":\"it-IT\",\"url\":\"http:\/\/1.gravatar.com\/avatar\/18160cdd31d624be75915209b6e50fa2?s=96&d=mm&r=g\",\"caption\":\"domdin\"}}]}<\/script>\r\n<!-- \/ Yoast SEO plugin. -->","_links":{"self":[{"href":"http:\/\/www.inambiente.it\/index.php\/wp-json\/wp\/v2\/posts\/239"}],"collection":[{"href":"http:\/\/www.inambiente.it\/index.php\/wp-json\/wp\/v2\/posts"}],"about":[{"href":"http:\/\/www.inambiente.it\/index.php\/wp-json\/wp\/v2\/types\/post"}],"author":[{"embeddable":true,"href":"http:\/\/www.inambiente.it\/index.php\/wp-json\/wp\/v2\/users\/24"}],"replies":[{"embeddable":true,"href":"http:\/\/www.inambiente.it\/index.php\/wp-json\/wp\/v2\/comments?post=239"}],"version-history":[{"count":0,"href":"http:\/\/www.inambiente.it\/index.php\/wp-json\/wp\/v2\/posts\/239\/revisions"}],"wp:attachment":[{"href":"http:\/\/www.inambiente.it\/index.php\/wp-json\/wp\/v2\/media?parent=239"}],"wp:term":[{"taxonomy":"category","embeddable":true,"href":"http:\/\/www.inambiente.it\/index.php\/wp-json\/wp\/v2\/categories?post=239"},{"taxonomy":"post_tag","embeddable":true,"href":"http:\/\/www.inambiente.it\/index.php\/wp-json\/wp\/v2\/tags?post=239"}],"curies":[{"name":"wp","href":"https:\/\/api.w.org\/{rel}","templated":true}]}}