{"id":119,"date":"2007-08-09T15:10:31","date_gmt":"2007-08-09T13:10:31","guid":{"rendered":"http:\/\/www.inambiente.it\/inblog\/?p=97"},"modified":"2007-08-09T15:10:31","modified_gmt":"2007-08-09T13:10:31","slug":"festambiente-dal-9-al-18-agosto-ritorna-il-festival-internazionale-di-ecologia-e-solidarieta-promosso-da-legambiente-tanta-musica-dibattiti-mostre-e-soprattutto-ambiente-il-tutto-nella-splendida","status":"publish","type":"post","link":"http:\/\/www.inambiente.it\/index.php\/2007\/08\/festambiente-dal-9-al-18-agosto-ritorna-il-festival-internazionale-di-ecologia-e-solidarieta-promosso-da-legambiente-tanta-musica-dibattiti-mostre-e-soprattutto-ambiente-il-tutto-nella-splendida\/","title":{"rendered":"FESTAMBIENTE: Dal 9 al 18 agosto ritorna il festival internazionale di ecologia e solidariet\u00e0 promosso da Legambiente. Tanta musica, dibattiti, mostre e soprattutto ambiente, il tutto nella splendida cornice del Parco naturale della Maremma."},"content":{"rendered":"<div id=\"ri_adv_end_content\"><script async src=\"\/\/pagead2.googlesyndication.com\/pagead\/js\/adsbygoogle.js\"><\/script>\r\n\t\t\t\t<!-- Appunti Ingegneria -->\r\n\t\t\t\t<ins class=\"adsbygoogle\"\r\n\t\t\t\t\t style=\"display:block\"\r\n\t\t\t\t\t data-ad-client=\"ca-pub-5194127282884067\"\r\n\t\t\t\t\t data-ad-slot=\"8299779634\"\r\n\t\t\t\t\t data-ad-format=\"auto\"><\/ins>\r\n\t\t\t\t<script>\r\n\t\t\t\t(adsbygoogle = window.adsbygoogle || []).push({});\r\n\t\t\t\t<\/script><\/div><p>Numeri da record, ospiti d&#8217;eccezione, politici, ambientalisti e uomini di scienza, artisti di livello internazionale. 120mila le presenze previste. Dal <strong>9 al 18 agosto 2007 <\/strong>a Rispescia (Gr) nello splendido scenario del Parco della Maremma, sar\u00e0 di nuovo Festambiente. Per dieci giorni su oltre 20mila metri quadrati si realizzer\u00e0 la p\u00f9 grande agor\u00e0 dell&#8217;ambiente e della politica con p\u00f9 di 130stand espositivi, 150 tra volontari e collaboratori coinvolti, circa 400 enti patrocinatori, oltre 100 associazioni presenti alla festa in rappresentanza della societ\u00e0 civile e del terzo settore, oltre 120 relatori ai dibattiti e 20 ricette servite ogni giorno al ristorante vegetariano p\u00f9 grande d&#8217;Italia. Un festival all&#8217;insegna della sostenibilit\u00e0 per invertire il trend dei cambiamenti climatici: anche quest&#8217;anno la manifestazione \u00e8 \u00e2\u20ac\u0153carbon neutral\u00e2\u20ac\u009d dato che le 238 tonnellate di anidride carbonica prodotte durante i dieci giorni del Festival, saranno neutralizzate attraverso l&#8217;adesione alla campagna nazionale \u00e2\u20ac\u0153Azzero CO2\u00e2\u20ac\u009d mediante l&#8217;acquisto di alberi per un intervento di riforestazione di un&#8217;area in Uganda.<\/p>\n<p style=\"text-align: center\"><img loading=\"lazy\" border=\"1\" vspace=\"10\" width=\"400\" src=\"http:\/\/www.legambiente.com\/documenti\/2007\/0804_reteFestival2007\/PANORAMICA_festambiente.jpg\" hspace=\"10\" alt=\"Una immagine delle precedenti edizioni.\" height=\"141\" style=\"width: 400px; height: 141px\" title=\"Una immagine delle precedenti edizioni.\" \/><\/p>\n<p>[&#8230;] \u00e2\u20ac\u0153Festambiente anche quest&#8217;anno si presenta come la kermesse ecologista p\u00f9 importante nel panorama nazionale &#8211; ha commentato Angelo Gentili, coordinatore nazionale di Festambiente \u00e2\u20ac\u201d per il diciannovesimo anno consecutivo, Festambiente si fa agor\u00e0 per l&#8217;ambiente, la legalit\u00e0 e la solidariet\u00e0, un lungo viaggio per un mondo migliore e sostenibile. E quest&#8217;anno il Festival internazionale di Legambiente sar\u00e0 incentrato sul tema dei cambiamenti climatici e della febbre del Pianeta, e molti saranno gli input che gli artisti e i politici daranno su questo argomento. Se \u00e8 vero che per frenare il surriscaldamento del pianeta servono politiche globali, \u00e8 altrettanto vero che dalle azioni del singolo possono partire contributi importanti. Per questo ogni giorno verranno date informazioni sul risparmio energetico, sulle energie rinnovabili, e sui consumi sostenibili, ma soprattutto la novit\u00e0 di quest&#8217;anno sar\u00e0 rappresentata dalla presenza di maxi schermi sul palco concerti, dove ogni sera sar\u00e0 proiettato un video, sui cambiamenti climatici.<\/p>\n<p>Come tradizione di Festambiente, &#8211; ha concluso Gentili &#8211; la discussione politica, si fonder\u00e0 con la musica di qualit\u00e0, con l&#8217;enogastronomia tipica e biologica, con la valorizzazione e la sensibilizzazione delle fonti rinnovabili e per 10 giorni la Maremma diventer\u00e0 la capitale dell&#8217;ambientalismo, della politica, della<br \/>\nsolidariet\u00e0 e dell&#8217;impegno civile.\u00e2\u20ac\u009d<\/p>\n<p>Un cartellone quello di Festambiente che varia dalla politica alla musica, dal teatro all&#8217;arte di strada, dal cinema ai documentari, dalle mostre agli appuntamenti enogastronici. Dal 9 agosto, Grosseto sar\u00e0 la capitale della discussione politica ed ambientale dell&#8217;estate italiana. Molti dibattiti saranno dedicati ai cambiamenti climatici e al surriscaldamento del pianeta con le soluzioni energetiche appropriate, al paesaggio e al turismo di qualit\u00e0 su cui si confronteranno politici locali e nazionali, insieme a esperti e giornalisti . Ampio spazio verr\u00e0 dato anche ad altre tematiche quali l&#8217;agricoltura sociale e sostenibile, le biodiversit\u00e0, l&#8217;economia, le energie alternative .<\/p>\n<p>Per maggiori informazioni: <a href=\"http:\/\/www.festambiente.it\/\">http:\/\/www.festambiente.it\/<\/a><\/p>\n","protected":false},"excerpt":{"rendered":"<p>Numeri da record, ospiti d&#8217;eccezione, politici, ambientalisti e uomini di scienza, artisti di livello internazionale. 120mila le presenze previste. Dal 9 al 18 agosto 2007 a Rispescia (Gr) nello splendido scenario del Parco della Maremma, sar\u00e0 di nuovo Festambiente. Per dieci giorni su oltre 20mila metri quadrati si realizzer\u00e0 la p\u00f9 grande agor\u00e0 dell&#8217;ambiente e [&hellip;]<\/p>\n","protected":false},"author":24,"featured_media":0,"comment_status":"open","ping_status":"open","sticky":false,"template":"","format":"standard","meta":{"_links_to":"","_links_to_target":""},"categories":[1],"tags":[],"yoast_head":"<!-- This site is optimized with the Yoast SEO plugin v15.1.1 - https:\/\/yoast.com\/wordpress\/plugins\/seo\/ -->\r\n<meta name=\"robots\" content=\"index, follow, max-snippet:-1, max-image-preview:large, max-video-preview:-1\" \/>\r\n<link rel=\"canonical\" href=\"http:\/\/www.inambiente.it\/index.php\/2007\/08\/festambiente-dal-9-al-18-agosto-ritorna-il-festival-internazionale-di-ecologia-e-solidarieta-promosso-da-legambiente-tanta-musica-dibattiti-mostre-e-soprattutto-ambiente-il-tutto-nella-splendida\/\" \/>\r\n<meta property=\"og:locale\" content=\"it_IT\" \/>\r\n<meta property=\"og:type\" content=\"article\" \/>\r\n<meta property=\"og:title\" content=\"FESTAMBIENTE: Dal 9 al 18 agosto ritorna il festival internazionale di ecologia e solidariet\u00e0 promosso da Legambiente. Tanta musica, dibattiti, mostre e soprattutto ambiente, il tutto nella splendida cornice del Parco naturale della Maremma. - InAmbienTe\" \/>\r\n<meta property=\"og:description\" content=\"Numeri da record, ospiti d&#8217;eccezione, politici, ambientalisti e uomini di scienza, artisti di livello internazionale. 120mila le presenze previste. Dal 9 al 18 agosto 2007 a Rispescia (Gr) nello splendido scenario del Parco della Maremma, sar\u00e0 di nuovo Festambiente. Per dieci giorni su oltre 20mila metri quadrati si realizzer\u00e0 la p\u00f9 grande agor\u00e0 dell&#8217;ambiente e [&hellip;]\" \/>\r\n<meta property=\"og:url\" content=\"http:\/\/www.inambiente.it\/index.php\/2007\/08\/festambiente-dal-9-al-18-agosto-ritorna-il-festival-internazionale-di-ecologia-e-solidarieta-promosso-da-legambiente-tanta-musica-dibattiti-mostre-e-soprattutto-ambiente-il-tutto-nella-splendida\/\" \/>\r\n<meta property=\"og:site_name\" content=\"InAmbienTe\" \/>\r\n<meta property=\"article:publisher\" content=\"https:\/\/www.facebook.com\/inambiente\" \/>\r\n<meta property=\"article:published_time\" content=\"2007-08-09T13:10:31+00:00\" \/>\r\n<meta property=\"og:image\" content=\"http:\/\/www.legambiente.com\/documenti\/2007\/0804_reteFestival2007\/PANORAMICA_festambiente.jpg\" \/>\r\n<meta name=\"twitter:card\" content=\"summary\" \/>\r\n<script type=\"application\/ld+json\" class=\"yoast-schema-graph\">{\"@context\":\"https:\/\/schema.org\",\"@graph\":[{\"@type\":\"WebSite\",\"@id\":\"http:\/\/www.inambiente.it\/#website\",\"url\":\"http:\/\/www.inambiente.it\/\",\"name\":\"InAmbienTe\",\"description\":\"Il Portale degli Studenti di Ingegneria\",\"potentialAction\":[{\"@type\":\"SearchAction\",\"target\":\"http:\/\/www.inambiente.it\/?s={search_term_string}\",\"query-input\":\"required name=search_term_string\"}],\"inLanguage\":\"it-IT\"},{\"@type\":\"ImageObject\",\"@id\":\"http:\/\/www.inambiente.it\/index.php\/2007\/08\/festambiente-dal-9-al-18-agosto-ritorna-il-festival-internazionale-di-ecologia-e-solidarieta-promosso-da-legambiente-tanta-musica-dibattiti-mostre-e-soprattutto-ambiente-il-tutto-nella-splendida\/#primaryimage\",\"inLanguage\":\"it-IT\",\"url\":\"http:\/\/www.legambiente.com\/documenti\/2007\/0804_reteFestival2007\/PANORAMICA_festambiente.jpg\"},{\"@type\":\"WebPage\",\"@id\":\"http:\/\/www.inambiente.it\/index.php\/2007\/08\/festambiente-dal-9-al-18-agosto-ritorna-il-festival-internazionale-di-ecologia-e-solidarieta-promosso-da-legambiente-tanta-musica-dibattiti-mostre-e-soprattutto-ambiente-il-tutto-nella-splendida\/#webpage\",\"url\":\"http:\/\/www.inambiente.it\/index.php\/2007\/08\/festambiente-dal-9-al-18-agosto-ritorna-il-festival-internazionale-di-ecologia-e-solidarieta-promosso-da-legambiente-tanta-musica-dibattiti-mostre-e-soprattutto-ambiente-il-tutto-nella-splendida\/\",\"name\":\"FESTAMBIENTE: Dal 9 al 18 agosto ritorna il festival internazionale di ecologia e solidariet\\u00e0 promosso da Legambiente. Tanta musica, dibattiti, mostre e soprattutto ambiente, il tutto nella splendida cornice del Parco naturale della Maremma. - InAmbienTe\",\"isPartOf\":{\"@id\":\"http:\/\/www.inambiente.it\/#website\"},\"primaryImageOfPage\":{\"@id\":\"http:\/\/www.inambiente.it\/index.php\/2007\/08\/festambiente-dal-9-al-18-agosto-ritorna-il-festival-internazionale-di-ecologia-e-solidarieta-promosso-da-legambiente-tanta-musica-dibattiti-mostre-e-soprattutto-ambiente-il-tutto-nella-splendida\/#primaryimage\"},\"datePublished\":\"2007-08-09T13:10:31+00:00\",\"dateModified\":\"2007-08-09T13:10:31+00:00\",\"author\":{\"@id\":\"http:\/\/www.inambiente.it\/#\/schema\/person\/bf7848da8913bb9e7b9a040a14c8df85\"},\"inLanguage\":\"it-IT\",\"potentialAction\":[{\"@type\":\"ReadAction\",\"target\":[\"http:\/\/www.inambiente.it\/index.php\/2007\/08\/festambiente-dal-9-al-18-agosto-ritorna-il-festival-internazionale-di-ecologia-e-solidarieta-promosso-da-legambiente-tanta-musica-dibattiti-mostre-e-soprattutto-ambiente-il-tutto-nella-splendida\/\"]}]},{\"@type\":\"Person\",\"@id\":\"http:\/\/www.inambiente.it\/#\/schema\/person\/bf7848da8913bb9e7b9a040a14c8df85\",\"name\":\"domdin\",\"image\":{\"@type\":\"ImageObject\",\"@id\":\"http:\/\/www.inambiente.it\/#personlogo\",\"inLanguage\":\"it-IT\",\"url\":\"http:\/\/1.gravatar.com\/avatar\/18160cdd31d624be75915209b6e50fa2?s=96&d=mm&r=g\",\"caption\":\"domdin\"}}]}<\/script>\r\n<!-- \/ Yoast SEO plugin. -->","_links":{"self":[{"href":"http:\/\/www.inambiente.it\/index.php\/wp-json\/wp\/v2\/posts\/119"}],"collection":[{"href":"http:\/\/www.inambiente.it\/index.php\/wp-json\/wp\/v2\/posts"}],"about":[{"href":"http:\/\/www.inambiente.it\/index.php\/wp-json\/wp\/v2\/types\/post"}],"author":[{"embeddable":true,"href":"http:\/\/www.inambiente.it\/index.php\/wp-json\/wp\/v2\/users\/24"}],"replies":[{"embeddable":true,"href":"http:\/\/www.inambiente.it\/index.php\/wp-json\/wp\/v2\/comments?post=119"}],"version-history":[{"count":0,"href":"http:\/\/www.inambiente.it\/index.php\/wp-json\/wp\/v2\/posts\/119\/revisions"}],"wp:attachment":[{"href":"http:\/\/www.inambiente.it\/index.php\/wp-json\/wp\/v2\/media?parent=119"}],"wp:term":[{"taxonomy":"category","embeddable":true,"href":"http:\/\/www.inambiente.it\/index.php\/wp-json\/wp\/v2\/categories?post=119"},{"taxonomy":"post_tag","embeddable":true,"href":"http:\/\/www.inambiente.it\/index.php\/wp-json\/wp\/v2\/tags?post=119"}],"curies":[{"name":"wp","href":"https:\/\/api.w.org\/{rel}","templated":true}]}}