{"id":118,"date":"2007-08-09T12:22:19","date_gmt":"2007-08-09T10:22:19","guid":{"rendered":"http:\/\/www.inambiente.it\/inblog\/?p=96"},"modified":"2007-08-09T12:22:19","modified_gmt":"2007-08-09T10:22:19","slug":"domenico-iannacone-reporter-di-rai-tre-incontra-internapoli-e-legambiente-martedi-prossimo-nel-corso-di-w-litalia-diretta-sara-trasmesso-un-servizio-sullappross","status":"publish","type":"post","link":"http:\/\/www.inambiente.it\/index.php\/2007\/08\/domenico-iannacone-reporter-di-rai-tre-incontra-internapoli-e-legambiente-martedi-prossimo-nel-corso-di-w-litalia-diretta-sara-trasmesso-un-servizio-sullappross\/","title":{"rendered":"DOMENICO IANNACONE, REPORTER DI RAI TRE, INCONTRA INTERNAPOLI E LEGAMBIENTE. Marted\u00c3\u00ac prossimo, nel corso di \u00e2\u20ac\u0153W l\u00e2\u20ac\u2122Italia Diretta\u00e2\u20ac\u009d sar\u00e0 trasmesso un servizio sull\u00e2\u20ac\u2122approssimato ciclo dei rifiuti campano."},"content":{"rendered":"<div id=\"ri_adv_end_content\"><script async src=\"\/\/pagead2.googlesyndication.com\/pagead\/js\/adsbygoogle.js\"><\/script>\r\n\t\t\t\t<!-- Appunti Ingegneria -->\r\n\t\t\t\t<ins class=\"adsbygoogle\"\r\n\t\t\t\t\t style=\"display:block\"\r\n\t\t\t\t\t data-ad-client=\"ca-pub-5194127282884067\"\r\n\t\t\t\t\t data-ad-slot=\"8299779634\"\r\n\t\t\t\t\t data-ad-format=\"auto\"><\/ins>\r\n\t\t\t\t<script>\r\n\t\t\t\t(adsbygoogle = window.adsbygoogle || []).push({});\r\n\t\t\t\t<\/script><\/div><p><img loading=\"lazy\" border=\"1\" vspace=\"10\" align=\"left\" width=\"266\" src=\"http:\/\/www.internapoli.it\/public\/fotoarticoli\/9277_fotoarticolo1.JPG\" hspace=\"10\" alt=\"Il reporter in azione\" height=\"215\" style=\"width: 266px; height: 215px\" title=\"Il reporter in azione\" \/>Farsi un giro per la mondezza non \u00e8 una bella esperienza, soprattutto se fatto d&#8217;estate, con un sole cocente sulla testa e con la polvere che ti attanaglia. Domenico Iannacone, giornalista di Rai Tre, questo deve averlo intuito ed ha pensato di realizzare un servizio sulla pessima gestione del ciclo dei rifiuti in Campania scegliendo il periodo \u00e2\u20ac\u0153p\u00f9 caldo\u00e2\u20ac\u009d, servizio che verr\u00e0 trasmesso all&#8217;interno della puntata di \u00e2\u20ac\u0153W l&#8217;Italia Diretta\u00e2\u20ac\u009d Marted\u00c3\u00ac prossimo su Rai Tre alle ore 21:05.<\/p>\n<p>Per realizzare il reportage, Iannacone ha prima contattato Alessandro Iacuelli, uno dei massimi esperti in tema di rifiuti, poi si \u00e8 messo in contatto con la redazione di InterNapoli e con Raffaele Del Giudice di Legambiente.<\/p>\n<p>Il giro fatto dalla troupe della rai, composta da un cameraman, un microfonista ed il giornalista molisano, accompagnata da Alessandro Iacuelli, Raffaele del Giudice e con il supporto logistico della redazione di InterNapoli, non poteva non iniziare dal luogo simbolo della inefficienza e della inadeguatezza del ciclo dei rifiuti: la discarica fuori terra di Taverna del Re, erroneamente definita area di stoccaggio. Una superficie indefinita di rifiuti accatastati da anni, che attendono di essere smaltiti (bruciati) negli impianti di termovalorizzazione e che ogni giorno cresce divorando terreno fertile e lasciando i contadini senza futuro. Appena arrivati all&#8217;impianto ci hanno subito colpiti alcuni camion: all&#8217;apparenza sembrano trasportare birra, ma il loro vero carico sono eco-balle, un ennesimo metodo fuorviante per la popolazione.<br \/>\nLe condizioni lavorative all&#8217;interno dell&#8217;impianto sono davvero fuori ogni civile regola. Non ci sono servizi igienici a sufficienza, non ci sono mense e nemmeno docce. La polvere entra dappertutto e, unita ai miasmi proveniente da quelle che dovrebbero essere eco-balle, non lascia respirare nessuno. Chi lavora a Taverna del Re, lavora all&#8217;inferno.<\/p>\n<p>Dalla valle delle piramidi di rifiuti si \u00e8 poi passati, in una sorta di viaggio a ritroso, all&#8217;impianto di Cdr di Giugliano, dove una colonna di camion della nettezza urbana p\u00f9 o meno a norma attendevano di depositare il loro carico puzzolente. Ascoltare gli autisti degli automezzi, in attesa anche per una intera giornata per poter solo scaricare il loro carico di rifiuti \u00e8 stato davvero triste. Non hanno nulla, n\u00c3\u00a9 un bagno, n\u00c3\u00a9 una sedia all&#8217;ombra per sedersi e mentre cercano riparo sul bordi del marciapiede, dai camion gocciola e ruscella il percolato.<\/p>\n<p>Alla fine della giornata, dopo ore di giri e corse nella polvere, Del Giudice, avvisato da un suo informatore, ci porta in una stradina nelle vicinanze della zona Asi dove sono state appena scaricate delle balle di stracci che serviranno, di l\u00c3\u00ac a poco, a bruciare qualche strana sostanza tossica che le aziende del nord \u00e2\u20ac\u0153smaltiscono\u00e2\u20ac\u009d nelle nostre terre. Colonne di fumo nero e denso si leveranno nel cielo come ogni notte.<\/p>\n<p>Il giro finisce nella redazione di InterNapoli. Si stampa qualche notizia interessante, si guardano i filmati degli incendi ripresi dalla redazione e si beve un bicchiere d&#8217;acqua seduti al fresco. Iannacone sembra soddisfatto, soprattutto di come Del Giudice sia stato capace di descrivere la situazione paradossale nella quale la nostra terra si trova. Il giro continuer\u00e0 nelle zone di Pomigliano, Marigliano ed Acerra, ad accompagnarlo ci sar\u00e0 la sua troupe e ci sar\u00e0 Alessandro Iacuelli.<\/p>\n<p>Marted\u00c3\u00ac prossimo vedrete il risultato di tanti anni di emergenza. Vi consiglio vivamente di non perdervi \u00e2\u20ac\u0153W l&#8217;Italia Diretta\u00e2\u20ac\u009d alle 21:05 su Rai Tre.<\/p>\n<p><img loading=\"lazy\" border=\"1\" vspace=\"10\" align=\"left\" width=\"214\" src=\"http:\/\/www.internapoli.it\/public\/fotoarticoli\/9277_2.JPG\" hspace=\"10\" alt=\"Camion che all'apparenza trasporta birra.\" height=\"172\" style=\"width: 214px; height: 172px\" title=\"Camion che all'apparenza trasporta birra.\" \/><img loading=\"lazy\" border=\"1\" vspace=\"10\" align=\"left\" width=\"202\" src=\"http:\/\/www.internapoli.it\/public\/fotoarticoli\/9277_3.JPG\" hspace=\"10\" alt=\"Del Gioudice, Iannacone e Iacuelli presso le sedi di InterNapoli ed InAmbienTe.\" height=\"169\" style=\"width: 202px; height: 169px\" title=\"Del Gioudice, Iannacone e Iacuelli presso le sedi di InterNapoli ed InAmbienTe.\" \/><\/p>\n","protected":false},"excerpt":{"rendered":"<p>Farsi un giro per la mondezza non \u00e8 una bella esperienza, soprattutto se fatto d&#8217;estate, con un sole cocente sulla testa e con la polvere che ti attanaglia. Domenico Iannacone, giornalista di Rai Tre, questo deve averlo intuito ed ha pensato di realizzare un servizio sulla pessima gestione del ciclo dei rifiuti in Campania scegliendo [&hellip;]<\/p>\n","protected":false},"author":24,"featured_media":0,"comment_status":"open","ping_status":"open","sticky":false,"template":"","format":"standard","meta":{"_links_to":"","_links_to_target":""},"categories":[1],"tags":[],"yoast_head":"<!-- This site is optimized with the Yoast SEO plugin v15.1.1 - https:\/\/yoast.com\/wordpress\/plugins\/seo\/ -->\r\n<meta name=\"robots\" content=\"index, follow, max-snippet:-1, max-image-preview:large, max-video-preview:-1\" \/>\r\n<link rel=\"canonical\" href=\"http:\/\/www.inambiente.it\/index.php\/2007\/08\/domenico-iannacone-reporter-di-rai-tre-incontra-internapoli-e-legambiente-martedi-prossimo-nel-corso-di-w-litalia-diretta-sara-trasmesso-un-servizio-sullappross\/\" \/>\r\n<meta property=\"og:locale\" content=\"it_IT\" \/>\r\n<meta property=\"og:type\" content=\"article\" \/>\r\n<meta property=\"og:title\" content=\"DOMENICO IANNACONE, REPORTER DI RAI TRE, INCONTRA INTERNAPOLI E LEGAMBIENTE. Marted\u00c3\u00ac prossimo, nel corso di \u00e2\u20ac\u0153W l\u00e2\u20ac\u2122Italia Diretta\u00e2\u20ac\u009d sar\u00e0 trasmesso un servizio sull\u00e2\u20ac\u2122approssimato ciclo dei rifiuti campano. - InAmbienTe\" \/>\r\n<meta property=\"og:description\" content=\"Farsi un giro per la mondezza non \u00e8 una bella esperienza, soprattutto se fatto d&#8217;estate, con un sole cocente sulla testa e con la polvere che ti attanaglia. Domenico Iannacone, giornalista di Rai Tre, questo deve averlo intuito ed ha pensato di realizzare un servizio sulla pessima gestione del ciclo dei rifiuti in Campania scegliendo [&hellip;]\" \/>\r\n<meta property=\"og:url\" content=\"http:\/\/www.inambiente.it\/index.php\/2007\/08\/domenico-iannacone-reporter-di-rai-tre-incontra-internapoli-e-legambiente-martedi-prossimo-nel-corso-di-w-litalia-diretta-sara-trasmesso-un-servizio-sullappross\/\" \/>\r\n<meta property=\"og:site_name\" content=\"InAmbienTe\" \/>\r\n<meta property=\"article:publisher\" content=\"https:\/\/www.facebook.com\/inambiente\" \/>\r\n<meta property=\"article:published_time\" content=\"2007-08-09T10:22:19+00:00\" \/>\r\n<meta property=\"og:image\" content=\"http:\/\/www.internapoli.it\/public\/fotoarticoli\/9277_fotoarticolo1.JPG\" \/>\r\n<meta name=\"twitter:card\" content=\"summary\" \/>\r\n<script type=\"application\/ld+json\" class=\"yoast-schema-graph\">{\"@context\":\"https:\/\/schema.org\",\"@graph\":[{\"@type\":\"WebSite\",\"@id\":\"http:\/\/www.inambiente.it\/#website\",\"url\":\"http:\/\/www.inambiente.it\/\",\"name\":\"InAmbienTe\",\"description\":\"Il Portale degli Studenti di Ingegneria\",\"potentialAction\":[{\"@type\":\"SearchAction\",\"target\":\"http:\/\/www.inambiente.it\/?s={search_term_string}\",\"query-input\":\"required name=search_term_string\"}],\"inLanguage\":\"it-IT\"},{\"@type\":\"ImageObject\",\"@id\":\"http:\/\/www.inambiente.it\/index.php\/2007\/08\/domenico-iannacone-reporter-di-rai-tre-incontra-internapoli-e-legambiente-martedi-prossimo-nel-corso-di-w-litalia-diretta-sara-trasmesso-un-servizio-sullappross\/#primaryimage\",\"inLanguage\":\"it-IT\",\"url\":\"http:\/\/www.internapoli.it\/public\/fotoarticoli\/9277_fotoarticolo1.JPG\"},{\"@type\":\"WebPage\",\"@id\":\"http:\/\/www.inambiente.it\/index.php\/2007\/08\/domenico-iannacone-reporter-di-rai-tre-incontra-internapoli-e-legambiente-martedi-prossimo-nel-corso-di-w-litalia-diretta-sara-trasmesso-un-servizio-sullappross\/#webpage\",\"url\":\"http:\/\/www.inambiente.it\/index.php\/2007\/08\/domenico-iannacone-reporter-di-rai-tre-incontra-internapoli-e-legambiente-martedi-prossimo-nel-corso-di-w-litalia-diretta-sara-trasmesso-un-servizio-sullappross\/\",\"name\":\"DOMENICO IANNACONE, REPORTER DI RAI TRE, INCONTRA INTERNAPOLI E LEGAMBIENTE. Marted\\u00c3\\u00ac prossimo, nel corso di \\u00e2\\u20ac\\u0153W l\\u00e2\\u20ac\\u2122Italia Diretta\\u00e2\\u20ac\\u009d sar\\u00e0 trasmesso un servizio sull\\u00e2\\u20ac\\u2122approssimato ciclo dei rifiuti campano. - InAmbienTe\",\"isPartOf\":{\"@id\":\"http:\/\/www.inambiente.it\/#website\"},\"primaryImageOfPage\":{\"@id\":\"http:\/\/www.inambiente.it\/index.php\/2007\/08\/domenico-iannacone-reporter-di-rai-tre-incontra-internapoli-e-legambiente-martedi-prossimo-nel-corso-di-w-litalia-diretta-sara-trasmesso-un-servizio-sullappross\/#primaryimage\"},\"datePublished\":\"2007-08-09T10:22:19+00:00\",\"dateModified\":\"2007-08-09T10:22:19+00:00\",\"author\":{\"@id\":\"http:\/\/www.inambiente.it\/#\/schema\/person\/bf7848da8913bb9e7b9a040a14c8df85\"},\"inLanguage\":\"it-IT\",\"potentialAction\":[{\"@type\":\"ReadAction\",\"target\":[\"http:\/\/www.inambiente.it\/index.php\/2007\/08\/domenico-iannacone-reporter-di-rai-tre-incontra-internapoli-e-legambiente-martedi-prossimo-nel-corso-di-w-litalia-diretta-sara-trasmesso-un-servizio-sullappross\/\"]}]},{\"@type\":\"Person\",\"@id\":\"http:\/\/www.inambiente.it\/#\/schema\/person\/bf7848da8913bb9e7b9a040a14c8df85\",\"name\":\"domdin\",\"image\":{\"@type\":\"ImageObject\",\"@id\":\"http:\/\/www.inambiente.it\/#personlogo\",\"inLanguage\":\"it-IT\",\"url\":\"http:\/\/1.gravatar.com\/avatar\/18160cdd31d624be75915209b6e50fa2?s=96&d=mm&r=g\",\"caption\":\"domdin\"}}]}<\/script>\r\n<!-- \/ Yoast SEO plugin. -->","_links":{"self":[{"href":"http:\/\/www.inambiente.it\/index.php\/wp-json\/wp\/v2\/posts\/118"}],"collection":[{"href":"http:\/\/www.inambiente.it\/index.php\/wp-json\/wp\/v2\/posts"}],"about":[{"href":"http:\/\/www.inambiente.it\/index.php\/wp-json\/wp\/v2\/types\/post"}],"author":[{"embeddable":true,"href":"http:\/\/www.inambiente.it\/index.php\/wp-json\/wp\/v2\/users\/24"}],"replies":[{"embeddable":true,"href":"http:\/\/www.inambiente.it\/index.php\/wp-json\/wp\/v2\/comments?post=118"}],"version-history":[{"count":0,"href":"http:\/\/www.inambiente.it\/index.php\/wp-json\/wp\/v2\/posts\/118\/revisions"}],"wp:attachment":[{"href":"http:\/\/www.inambiente.it\/index.php\/wp-json\/wp\/v2\/media?parent=118"}],"wp:term":[{"taxonomy":"category","embeddable":true,"href":"http:\/\/www.inambiente.it\/index.php\/wp-json\/wp\/v2\/categories?post=118"},{"taxonomy":"post_tag","embeddable":true,"href":"http:\/\/www.inambiente.it\/index.php\/wp-json\/wp\/v2\/tags?post=118"}],"curies":[{"name":"wp","href":"https:\/\/api.w.org\/{rel}","templated":true}]}}