{"id":112,"date":"2007-07-21T19:45:09","date_gmt":"2007-07-21T17:45:09","guid":{"rendered":"http:\/\/www.inambiente.it\/inblog\/?p=89"},"modified":"2013-10-06T01:16:11","modified_gmt":"2013-10-05T23:16:11","slug":"le-vie-infinite-dei-rifiuti-il-sistema-campano-il-resoconto-della-presentazione-promossa-da-inambiente-in-collaborazione-con-internapoli","status":"publish","type":"post","link":"http:\/\/www.inambiente.it\/index.php\/2007\/07\/le-vie-infinite-dei-rifiuti-il-sistema-campano-il-resoconto-della-presentazione-promossa-da-inambiente-in-collaborazione-con-internapoli\/","title":{"rendered":"&quot;Le vie infinite dei rifiuti. Il sistema campano&quot;. Il resoconto della presentazione promossa da InAmbienTe in collaborazione con InterNapoli."},"content":{"rendered":"<div id=\"ri_adv_end_content\"><script async src=\"\/\/pagead2.googlesyndication.com\/pagead\/js\/adsbygoogle.js\"><\/script>\r\n\t\t\t\t<!-- Appunti Ingegneria -->\r\n\t\t\t\t<ins class=\"adsbygoogle\"\r\n\t\t\t\t\t style=\"display:block\"\r\n\t\t\t\t\t data-ad-client=\"ca-pub-5194127282884067\"\r\n\t\t\t\t\t data-ad-slot=\"8299779634\"\r\n\t\t\t\t\t data-ad-format=\"auto\"><\/ins>\r\n\t\t\t\t<script>\r\n\t\t\t\t(adsbygoogle = window.adsbygoogle || []).push({});\r\n\t\t\t\t<\/script><\/div><p><strong>Villaricca.<\/strong> Squilla il cellulare, rispondo: \u00e8 Alessandro Iacuelli che dice &#8220;Sono qua sotto, mi apri?&#8221;. Per me, la presentazione del libro di Alessandro comincia con questa frase.<\/p>\n<p>Quando ho proposto l&#8217;evento alla redazione di InterNapoli avevo un solo timore: l&#8217;affluenza, e per fortuna sono stato smentito. Infatti, la sala messa a disposizione della testata giornalistica si \u00e8 riempita nel giro di poco tempo. C&#8217;erano i leader dei comitati di protesta, c&#8217;era Raffaele Del Giudice, uno dei personaggi pi\u00f9 carismatici di Legambiente e c&#8217;era il popolo alla ricerca di risposte.<\/p>\n<p>L&#8217;introduzione \u00e8 breve, interviene prima Aniello Di Nardo, editore di InterNapoli, e poi mi permetto di dire due parole io. Questo per dare spazio all&#8217;unica voce informata sul tema rifiuti. Alessandro parte da lontano, comincia a parlare di un evento che all&#8217;apparenza non c&#8217;entra nulla ma che, in fondo, \u00e8 l&#8217;origine dei nostri mali: il terremoto del 1980. Le case crollate da ricostruire, i soldi che arrivano dallo stato e la camorra avida e malsana che ne approfitta. Si parte dal cemento e dalle cave abusive di sabbia per finire all&#8217;immondizia ed alle cave abusive dei rifiuti. Piccoli passi fatti nel tempo che ci portano ad essere, oggi, quello che siamo e che forse saremo domani.<\/p>\n<p><img loading=\"lazy\" style=\"width: 319px; height: 241px;\" alt=\"\" src=\"http:\/\/www.inambiente.it\/public\/fotoarticoli\/316_9151_Iacuelli1.jpg\" width=\"319\" height=\"241\" align=\"left\" vspace=\"3\" \/><\/p>\n<p>Si parla anche di strani eventi che susseguono a precise attivit\u00e0 investigative. La Resit, una cava sotto sequestro nella zona di Giugliano, viene data alle fiamme in un <em>modo scientifico<\/em>: prima si bloccano le vie di accesso che avrebbero dovuto usare i Vigili del Fuoco e poi si da&#8217; in fiamme la cava, e questo quando i magistrati decidono di fare un sopralluogo. Strane coincidenze nella terra delle stranezze.<\/p>\n<p>Alessandro ci parla anche di quanto sia stato difficile mettere in sequenza tutte le informazioni che la stampa e la storia hanno saputo fornire. Ma, soprattutto, quanto sia stato difficile ed oneroso fare gli appostamenti e cercare conferme alle sue geniali intuizioni. Spesso si \u00e8 incontrato e scontrato con chi gestiva le attivit\u00e0 losche e, oltre alle intimidazioni, ha trovato sconvolgente l&#8217;espressione di impunit\u00e0 che certi individui gli mostravano prima di intimargli di andarsene.<\/p>\n<p>Dalla platea, formata da manifestanti, giornalisti e studenti cominciano le prime domande e le prime osservazioni. Interessante \u00e8 lo spunto lanciato su un&#8217;attivit\u00e0 che \u00e8 stata finanziata dallo stato per conto delle universit\u00e0 di Napoli e Salerno all&#8217;interno dell&#8217;impianto che <em>dovrebbe produrre\u00a0<\/em>Cdr a Giugliano. Un&#8217;attivit\u00e0 di ricerca che ha visto, almeno in parte, l&#8217;analisi di un sistema di gassificazione dei rifiuti per usare l&#8217;idrogeno prodotto all&#8217;interno di celle ad idrogeno. La ricerca, che in un primo step \u00e8 riuscita nell&#8217;intento, non \u00e8 stata rifinanziata perch\u00e9 per smaltire 1 kg di rifiuto si spendevano 1 euro, contro i 5 centesimi del normale processo. Quello che \u00e8 sconcertante &#8211; ha affermato Iacuelli &#8211; \u00e8 che la ricerca era solo all&#8217;inizio, ed un ulteriore finanziamento avrebbe potuto portate ad un affinamento del processo con una sostanziale riduzione dei costi di smaltimento e, considerando che le celle ad idrogeno emettono solo acqua distillata, con un evidente risparmio in termini di depurazione delle emissioni.<\/p>\n<p>Si parla anche di incenerimento, grazie ad una domanda posta dal pubblico. Su questo tema Alessandro ha le idee ben chiare: s\u00ec all&#8217;incenerimento, sempre che l&#8217;impianto sia di piccola taglia. L&#8217;impianto di Acerra, che ha una portata di 3750 tonnellate di rifiuti al giorno, \u00e8 certamente sovradimensionato, rispetto alle reali esigenze di una societ\u00e0 moderna come la nostra. Saremo costretti a dover bruciare tutti i rifiuti, senza avere la possibilit\u00e0 di operare una raccolta differenziata. Inoltre &#8211; continua Iacuelli -, viste le evidenti inefficienze sia degli impianti di CDR sia dello stesso impianto di Acerra, sar\u00e0 inevitabile un collasso del ciclo nel giro di pochi giorni.<\/p>\n<p>La presentazione si conclude con una domanda sulla &#8220;dissociazione molecolare&#8221; posta da un futuro ingegnere per l&#8217;ambiente ed il territorio. Su questa tecnologia, le possibilit\u00e0 di avere performance e funzionalit\u00e0 sono sicuramente superiori e migliori di un impianto di incenerimento, anche se la sua utilizzazione \u00e8 condizionata da una forte ed efficiente raccolta differenziata, cosa che da noi \u00e8 ancora lontana dall&#8217;aversi.<\/p>\n<p><em>La presentazione \u00e8 finita, ma Alessandro si trattiene con noi per tutta la serata e tra le chiacchiere ed una pizza sento di poter dire che ieri (20 luglio 2007), \u00e8 stata una serata meravigliosa, trascorsa insieme ad una persona che ha conquistato la mia stima ed il mio rispetto.<\/em><\/p>\n<p>Chi non lo avesse ancora fatto pu\u00f2 comprare il libro seguendo queste informazioni:<\/p>\n<blockquote><p><strong>Titolo<\/strong> Le vie infinite dei rifiuti. Il sistema campano<br \/>\n<strong>Autore<\/strong> Alessandro Iacuelli<br \/>\n<strong>Prezzo<\/strong> versione cartacea a partire da \u20ac12,46; e-book \u20ac1,33<br \/>\n<strong>Dati<\/strong> 15.24cm x 22.86cm 236 pagine<br \/>\n<strong>Anno<\/strong> 2007<br \/>\n<strong>Editore<\/strong> Altrenotizie.org \/ Lulu<br \/>\n<strong>ISBN<\/strong> 978-1-84753-184-1<br \/>\n<strong>Disponibile on line<\/strong>:<br \/>\n&#8211; <a href=\"http:\/\/www.lulu.com\/content\/649193\" target=\"_blank\">Lulu Press<\/a><br \/>\n&#8211; <a href=\"http:\/\/www.internetbookshop.it\/book\/9781847531841\/IACUELLI-ALESSANDRO-\/LE-VIE-INFINITE-DEI-RIFIUTI.html\" target=\"_blank\">IBS<\/a><br \/>\n&#8211; <a href=\"http:\/\/www.bol.it\/inglesi\/scheda\/ea978184753184.html\" target=\"_blank\">BOL<\/a><br \/>\n&#8211; <a href=\"https:\/\/www.deastore.com\/product.asp?productid=BD510000001673080\" target=\"_blank\">Dea Store<\/a><br \/>\n&#8211; <a href=\"http:\/\/www.amazon.co.uk\/Vie-Infinite-Dei-Rifiuti\/dp\/1847531849\" target=\"_blank\">Amazon<\/a><br \/>\n&#8211; <a href=\"http:\/\/bookshop.blackwell.co.uk\/jsp\/welcome.jsp?action=search&amp;type=isbn&amp;term=1847531849\" target=\"_blank\">Blackwell<\/a><\/p><\/blockquote>\n","protected":false},"excerpt":{"rendered":"<p>Villaricca. Squilla il cellulare, rispondo: \u00e8 Alessandro Iacuelli che dice &#8220;Sono qua sotto, mi apri?&#8221;. Per me, la presentazione del libro di Alessandro comincia con questa frase. Quando ho proposto l&#8217;evento alla redazione di InterNapoli avevo un solo timore: l&#8217;affluenza, e per fortuna sono stato smentito. Infatti, la sala messa a disposizione della testata giornalistica [&hellip;]<\/p>\n","protected":false},"author":24,"featured_media":0,"comment_status":"open","ping_status":"open","sticky":false,"template":"","format":"standard","meta":{"_links_to":"","_links_to_target":""},"categories":[1],"tags":[],"yoast_head":"<!-- This site is optimized with the Yoast SEO plugin v15.1.1 - https:\/\/yoast.com\/wordpress\/plugins\/seo\/ -->\r\n<meta name=\"robots\" content=\"index, follow, max-snippet:-1, max-image-preview:large, max-video-preview:-1\" \/>\r\n<link rel=\"canonical\" href=\"http:\/\/www.inambiente.it\/index.php\/2007\/07\/le-vie-infinite-dei-rifiuti-il-sistema-campano-il-resoconto-della-presentazione-promossa-da-inambiente-in-collaborazione-con-internapoli\/\" \/>\r\n<meta property=\"og:locale\" content=\"it_IT\" \/>\r\n<meta property=\"og:type\" content=\"article\" \/>\r\n<meta property=\"og:title\" content=\"&quot;Le vie infinite dei rifiuti. Il sistema campano&quot;. Il resoconto della presentazione promossa da InAmbienTe in collaborazione con InterNapoli. - InAmbienTe\" \/>\r\n<meta property=\"og:description\" content=\"Villaricca. Squilla il cellulare, rispondo: \u00e8 Alessandro Iacuelli che dice &#8220;Sono qua sotto, mi apri?&#8221;. Per me, la presentazione del libro di Alessandro comincia con questa frase. Quando ho proposto l&#8217;evento alla redazione di InterNapoli avevo un solo timore: l&#8217;affluenza, e per fortuna sono stato smentito. Infatti, la sala messa a disposizione della testata giornalistica [&hellip;]\" \/>\r\n<meta property=\"og:url\" content=\"http:\/\/www.inambiente.it\/index.php\/2007\/07\/le-vie-infinite-dei-rifiuti-il-sistema-campano-il-resoconto-della-presentazione-promossa-da-inambiente-in-collaborazione-con-internapoli\/\" \/>\r\n<meta property=\"og:site_name\" content=\"InAmbienTe\" \/>\r\n<meta property=\"article:publisher\" content=\"https:\/\/www.facebook.com\/inambiente\" \/>\r\n<meta property=\"article:published_time\" content=\"2007-07-21T17:45:09+00:00\" \/>\r\n<meta property=\"article:modified_time\" content=\"2013-10-05T23:16:11+00:00\" \/>\r\n<meta property=\"og:image\" content=\"http:\/\/www.inambiente.it\/public\/fotoarticoli\/316_9151_Iacuelli1.jpg\" \/>\r\n<meta name=\"twitter:card\" content=\"summary\" \/>\r\n<script type=\"application\/ld+json\" class=\"yoast-schema-graph\">{\"@context\":\"https:\/\/schema.org\",\"@graph\":[{\"@type\":\"WebSite\",\"@id\":\"http:\/\/www.inambiente.it\/#website\",\"url\":\"http:\/\/www.inambiente.it\/\",\"name\":\"InAmbienTe\",\"description\":\"Il Portale degli Studenti di Ingegneria\",\"potentialAction\":[{\"@type\":\"SearchAction\",\"target\":\"http:\/\/www.inambiente.it\/?s={search_term_string}\",\"query-input\":\"required name=search_term_string\"}],\"inLanguage\":\"it-IT\"},{\"@type\":\"ImageObject\",\"@id\":\"http:\/\/www.inambiente.it\/index.php\/2007\/07\/le-vie-infinite-dei-rifiuti-il-sistema-campano-il-resoconto-della-presentazione-promossa-da-inambiente-in-collaborazione-con-internapoli\/#primaryimage\",\"inLanguage\":\"it-IT\",\"url\":\"http:\/\/www.inambiente.it\/public\/fotoarticoli\/316_9151_Iacuelli1.jpg\"},{\"@type\":\"WebPage\",\"@id\":\"http:\/\/www.inambiente.it\/index.php\/2007\/07\/le-vie-infinite-dei-rifiuti-il-sistema-campano-il-resoconto-della-presentazione-promossa-da-inambiente-in-collaborazione-con-internapoli\/#webpage\",\"url\":\"http:\/\/www.inambiente.it\/index.php\/2007\/07\/le-vie-infinite-dei-rifiuti-il-sistema-campano-il-resoconto-della-presentazione-promossa-da-inambiente-in-collaborazione-con-internapoli\/\",\"name\":\"&quot;Le vie infinite dei rifiuti. Il sistema campano&quot;. Il resoconto della presentazione promossa da InAmbienTe in collaborazione con InterNapoli. - InAmbienTe\",\"isPartOf\":{\"@id\":\"http:\/\/www.inambiente.it\/#website\"},\"primaryImageOfPage\":{\"@id\":\"http:\/\/www.inambiente.it\/index.php\/2007\/07\/le-vie-infinite-dei-rifiuti-il-sistema-campano-il-resoconto-della-presentazione-promossa-da-inambiente-in-collaborazione-con-internapoli\/#primaryimage\"},\"datePublished\":\"2007-07-21T17:45:09+00:00\",\"dateModified\":\"2013-10-05T23:16:11+00:00\",\"author\":{\"@id\":\"http:\/\/www.inambiente.it\/#\/schema\/person\/bf7848da8913bb9e7b9a040a14c8df85\"},\"inLanguage\":\"it-IT\",\"potentialAction\":[{\"@type\":\"ReadAction\",\"target\":[\"http:\/\/www.inambiente.it\/index.php\/2007\/07\/le-vie-infinite-dei-rifiuti-il-sistema-campano-il-resoconto-della-presentazione-promossa-da-inambiente-in-collaborazione-con-internapoli\/\"]}]},{\"@type\":\"Person\",\"@id\":\"http:\/\/www.inambiente.it\/#\/schema\/person\/bf7848da8913bb9e7b9a040a14c8df85\",\"name\":\"domdin\",\"image\":{\"@type\":\"ImageObject\",\"@id\":\"http:\/\/www.inambiente.it\/#personlogo\",\"inLanguage\":\"it-IT\",\"url\":\"http:\/\/1.gravatar.com\/avatar\/18160cdd31d624be75915209b6e50fa2?s=96&d=mm&r=g\",\"caption\":\"domdin\"}}]}<\/script>\r\n<!-- \/ Yoast SEO plugin. -->","_links":{"self":[{"href":"http:\/\/www.inambiente.it\/index.php\/wp-json\/wp\/v2\/posts\/112"}],"collection":[{"href":"http:\/\/www.inambiente.it\/index.php\/wp-json\/wp\/v2\/posts"}],"about":[{"href":"http:\/\/www.inambiente.it\/index.php\/wp-json\/wp\/v2\/types\/post"}],"author":[{"embeddable":true,"href":"http:\/\/www.inambiente.it\/index.php\/wp-json\/wp\/v2\/users\/24"}],"replies":[{"embeddable":true,"href":"http:\/\/www.inambiente.it\/index.php\/wp-json\/wp\/v2\/comments?post=112"}],"version-history":[{"count":2,"href":"http:\/\/www.inambiente.it\/index.php\/wp-json\/wp\/v2\/posts\/112\/revisions"}],"predecessor-version":[{"id":1124,"href":"http:\/\/www.inambiente.it\/index.php\/wp-json\/wp\/v2\/posts\/112\/revisions\/1124"}],"wp:attachment":[{"href":"http:\/\/www.inambiente.it\/index.php\/wp-json\/wp\/v2\/media?parent=112"}],"wp:term":[{"taxonomy":"category","embeddable":true,"href":"http:\/\/www.inambiente.it\/index.php\/wp-json\/wp\/v2\/categories?post=112"},{"taxonomy":"post_tag","embeddable":true,"href":"http:\/\/www.inambiente.it\/index.php\/wp-json\/wp\/v2\/tags?post=112"}],"curies":[{"name":"wp","href":"https:\/\/api.w.org\/{rel}","templated":true}]}}