{"id":108,"date":"2007-07-16T23:19:04","date_gmt":"2007-07-16T21:19:04","guid":{"rendered":"http:\/\/www.inambiente.it\/inblog\/?p=85"},"modified":"2007-07-16T23:19:04","modified_gmt":"2007-07-16T21:19:04","slug":"85","status":"publish","type":"post","link":"http:\/\/www.inambiente.it\/index.php\/2007\/07\/85\/","title":{"rendered":"Villaricca: presentazione del libro di Alessandro Iacuelli &quot;Le vie infite dei rifiuti &#8211; il sistema campano&quot;."},"content":{"rendered":"<div id=\"ri_adv_end_content\"><script async src=\"\/\/pagead2.googlesyndication.com\/pagead\/js\/adsbygoogle.js\"><\/script>\r\n\t\t\t\t<!-- Appunti Ingegneria -->\r\n\t\t\t\t<ins class=\"adsbygoogle\"\r\n\t\t\t\t\t style=\"display:block\"\r\n\t\t\t\t\t data-ad-client=\"ca-pub-5194127282884067\"\r\n\t\t\t\t\t data-ad-slot=\"8299779634\"\r\n\t\t\t\t\t data-ad-format=\"auto\"><\/ins>\r\n\t\t\t\t<script>\r\n\t\t\t\t(adsbygoogle = window.adsbygoogle || []).push({});\r\n\t\t\t\t<\/script><\/div><p><strong>VILLARICCA.<\/strong> Venerd\u00c3\u00ac 20 Luglio alle ore 18.00, presso la redazione di InterNapoli, Alessandro Iacuelli presenter\u00e0 il suo libro inchiesta &#8220;Le vie infinite dei rifiuti &#8211; Il sistema campano&#8221; [ed. altrenotizie.org &#8211; Lulu].<\/p>\n<p>L&#8217;evento, organizzato dalla redazione (in collaborazione con InAmbienTe), punta ad incentivare il dibattito su quello che \u00e8 il tema di maggiore attualit\u00e0 per la nostra zona: l&#8217;emergenza rifiuti, ed il libro di Iacuelli, giornalista free-lance che collabora con altrenotizie.org, pu\u00f2 essere un ottimo spunto per un dibattito aperto e pungente.<\/p>\n<p>La presentazione vedr\u00e0 come relatori Aniello Di Nardo, editore di InterNapoli, alcuni redattori e, ovviamente, l&#8217;autore del libro, anche se l&#8217;attore principale sar\u00e0 assolutamente la platea. La formula \u00e8 quella del dibattito aperto, infatti, dopo una breve introduzione sia dell&#8217;autore che del libro si passer\u00e0 la parola a quanti assisteranno e vorranno porre domande.<\/p>\n<p style=\"text-align: center\"><img loading=\"lazy\" align=\"left\" width=\"183\" src=\"http:\/\/www.inambiente.it\/public\/2007\/07\/copertinacoloriqr9.jpg\" alt=\"Copertina del libro.\" height=\"241\" style=\"width: 183px; height: 241px\" title=\"Copertina del libro.\" \/><\/p>\n<p><strong>Il libro.<\/strong> Il libro-inchiesta parte proprio dalle nostre zone, parte da Villaricca 2 e precisamente da Via Bologna, si inizia con una storia all&#8217;apparenza insignificante, un caso come tanti. Un autotrasportatore, intossicato dal carico che trasporta, e che pensa di risolvere il tutto infossandolo nelle nostre campagne. Questo episodio, l&#8217;episodio di Tamburrino e dei suoi bidoni, risulter\u00e0 essere solo un elemento di una traccia molto p\u00f9 profonda e molto p\u00f9 preoccupante. Si parte da noi per ritornare a noi, il giro \u00e8 stretto, un circolo vizioso, che ogni tanto si allarga, punta ad allontanarsi dal centro, dal cuore, dal triangolo dei fuochi formato dai comuni di Villaricca, Giugliano e Qualiano. Anche quando si va fuori, per\u00f2, alla fine si ritorna qui, nella nostra terra, nella nostra puzza.<\/p>\n<p><strong>La presentazione. <\/strong>Al dibattito sono invitati tutti i cittadini che cercano risposte a domande che di risposte non ne hanno mai avute, sar\u00e0 l&#8217;occasione per ascoltare la verit\u00e0 che la coraggiosa inchiesta di Alessandro ha portato alla luce. Infatti, l&#8217;autore non si \u00e8 fermato ad una semplice analisi cronologia e superficiale degli eventi, ma ha affondato la penna fino all&#8217;osso, facendo nomi e cognomi, mettendo nero su bianco situazioni e luoghi.<\/p>\n<p><strong>L&#8217;autore. <\/strong>Alessandro Iacuelli \u00e8 giornalista free-lance. Fa parte della redazione della testata on-line Altrenotizie, per la quale ha curato tra l&#8217;altro, inchieste sull&#8217;emergenza gas dell&#8217;inverno 2005\/2006, sul nucleare in Italia e sui rifiuti tossici e le ecomafie in Italia meridionale.<br \/>\nDi origine napoletana e laureato in Fisica, da anni si sta occupando a tempo pieno della particolare &#8220;emergenza&#8221; che vive la Campania da quasi 15 anni, tornando a seguire la &#8220;sua&#8221; terra, il commissariamento straordinario dei rifiuti, le attivit\u00e0 ecomafiose legate alla presenza camorristica, e l&#8217;aspetto sanitario che sta provocando un aumento dei casi di cancro nella regione.<\/p>\n<p>Per maggiori informazioni e per reperire ulteriore materiale sul tema potete collegarvi al <a href=\"http:\/\/alex321.splinder.com\" title=\"Blog di Alessandro Iacuelli\">blog di Alessandro<\/a>.<\/p>\n<p><strong>Orario e sede della presentazione:<br \/>\n<\/strong>Venerd\u00c3\u00ac 20 Luglio, Ore 18.00 &#8211; Redazione InterNapoli<br \/>\nVia della Libert\u00e0 1176, Villaricca (Na).<\/p>\n<p><a href=\"http:\/\/www.inambiente.it\/public\/download\/invito.pdf\" title=\"Invito.\">Scarica l&#8217;invito. <\/a><\/p>\n","protected":false},"excerpt":{"rendered":"<p>VILLARICCA. Venerd\u00c3\u00ac 20 Luglio alle ore 18.00, presso la redazione di InterNapoli, Alessandro Iacuelli presenter\u00e0 il suo libro inchiesta &#8220;Le vie infinite dei rifiuti &#8211; Il sistema campano&#8221; [ed. altrenotizie.org &#8211; Lulu]. L&#8217;evento, organizzato dalla redazione (in collaborazione con InAmbienTe), punta ad incentivare il dibattito su quello che \u00e8 il tema di maggiore attualit\u00e0 per [&hellip;]<\/p>\n","protected":false},"author":24,"featured_media":0,"comment_status":"open","ping_status":"open","sticky":false,"template":"","format":"standard","meta":{"_links_to":"","_links_to_target":""},"categories":[1],"tags":[],"yoast_head":"<!-- This site is optimized with the Yoast SEO plugin v15.1.1 - https:\/\/yoast.com\/wordpress\/plugins\/seo\/ -->\r\n<meta name=\"robots\" content=\"index, follow, max-snippet:-1, max-image-preview:large, max-video-preview:-1\" \/>\r\n<link rel=\"canonical\" href=\"https:\/\/www.inambiente.it\/index.php\/2007\/07\/85\/\" \/>\r\n<meta property=\"og:locale\" content=\"it_IT\" \/>\r\n<meta property=\"og:type\" content=\"article\" \/>\r\n<meta property=\"og:title\" content=\"Villaricca: presentazione del libro di Alessandro Iacuelli &quot;Le vie infite dei rifiuti - il sistema campano&quot;. - InAmbienTe\" \/>\r\n<meta property=\"og:description\" content=\"VILLARICCA. Venerd\u00c3\u00ac 20 Luglio alle ore 18.00, presso la redazione di InterNapoli, Alessandro Iacuelli presenter\u00e0 il suo libro inchiesta &#8220;Le vie infinite dei rifiuti &#8211; Il sistema campano&#8221; [ed. altrenotizie.org &#8211; Lulu]. L&#8217;evento, organizzato dalla redazione (in collaborazione con InAmbienTe), punta ad incentivare il dibattito su quello che \u00e8 il tema di maggiore attualit\u00e0 per [&hellip;]\" \/>\r\n<meta property=\"og:url\" content=\"https:\/\/www.inambiente.it\/index.php\/2007\/07\/85\/\" \/>\r\n<meta property=\"og:site_name\" content=\"InAmbienTe\" \/>\r\n<meta property=\"article:publisher\" content=\"https:\/\/www.facebook.com\/inambiente\" \/>\r\n<meta property=\"article:published_time\" content=\"2007-07-16T21:19:04+00:00\" \/>\r\n<meta property=\"og:image\" content=\"http:\/\/www.inambiente.it\/public\/2007\/07\/copertinacoloriqr9.jpg\" \/>\r\n<meta name=\"twitter:card\" content=\"summary\" \/>\r\n<script type=\"application\/ld+json\" class=\"yoast-schema-graph\">{\"@context\":\"https:\/\/schema.org\",\"@graph\":[{\"@type\":\"WebSite\",\"@id\":\"http:\/\/www.inambiente.it\/#website\",\"url\":\"http:\/\/www.inambiente.it\/\",\"name\":\"InAmbienTe\",\"description\":\"Il Portale degli Studenti di Ingegneria\",\"potentialAction\":[{\"@type\":\"SearchAction\",\"target\":\"http:\/\/www.inambiente.it\/?s={search_term_string}\",\"query-input\":\"required name=search_term_string\"}],\"inLanguage\":\"it-IT\"},{\"@type\":\"ImageObject\",\"@id\":\"https:\/\/www.inambiente.it\/index.php\/2007\/07\/85\/#primaryimage\",\"inLanguage\":\"it-IT\",\"url\":\"http:\/\/www.inambiente.it\/public\/2007\/07\/copertinacoloriqr9.jpg\"},{\"@type\":\"WebPage\",\"@id\":\"https:\/\/www.inambiente.it\/index.php\/2007\/07\/85\/#webpage\",\"url\":\"https:\/\/www.inambiente.it\/index.php\/2007\/07\/85\/\",\"name\":\"Villaricca: presentazione del libro di Alessandro Iacuelli &quot;Le vie infite dei rifiuti - il sistema campano&quot;. - InAmbienTe\",\"isPartOf\":{\"@id\":\"http:\/\/www.inambiente.it\/#website\"},\"primaryImageOfPage\":{\"@id\":\"https:\/\/www.inambiente.it\/index.php\/2007\/07\/85\/#primaryimage\"},\"datePublished\":\"2007-07-16T21:19:04+00:00\",\"dateModified\":\"2007-07-16T21:19:04+00:00\",\"author\":{\"@id\":\"http:\/\/www.inambiente.it\/#\/schema\/person\/bf7848da8913bb9e7b9a040a14c8df85\"},\"inLanguage\":\"it-IT\",\"potentialAction\":[{\"@type\":\"ReadAction\",\"target\":[\"https:\/\/www.inambiente.it\/index.php\/2007\/07\/85\/\"]}]},{\"@type\":\"Person\",\"@id\":\"http:\/\/www.inambiente.it\/#\/schema\/person\/bf7848da8913bb9e7b9a040a14c8df85\",\"name\":\"domdin\",\"image\":{\"@type\":\"ImageObject\",\"@id\":\"http:\/\/www.inambiente.it\/#personlogo\",\"inLanguage\":\"it-IT\",\"url\":\"http:\/\/1.gravatar.com\/avatar\/18160cdd31d624be75915209b6e50fa2?s=96&d=mm&r=g\",\"caption\":\"domdin\"}}]}<\/script>\r\n<!-- \/ Yoast SEO plugin. -->","_links":{"self":[{"href":"http:\/\/www.inambiente.it\/index.php\/wp-json\/wp\/v2\/posts\/108"}],"collection":[{"href":"http:\/\/www.inambiente.it\/index.php\/wp-json\/wp\/v2\/posts"}],"about":[{"href":"http:\/\/www.inambiente.it\/index.php\/wp-json\/wp\/v2\/types\/post"}],"author":[{"embeddable":true,"href":"http:\/\/www.inambiente.it\/index.php\/wp-json\/wp\/v2\/users\/24"}],"replies":[{"embeddable":true,"href":"http:\/\/www.inambiente.it\/index.php\/wp-json\/wp\/v2\/comments?post=108"}],"version-history":[{"count":0,"href":"http:\/\/www.inambiente.it\/index.php\/wp-json\/wp\/v2\/posts\/108\/revisions"}],"wp:attachment":[{"href":"http:\/\/www.inambiente.it\/index.php\/wp-json\/wp\/v2\/media?parent=108"}],"wp:term":[{"taxonomy":"category","embeddable":true,"href":"http:\/\/www.inambiente.it\/index.php\/wp-json\/wp\/v2\/categories?post=108"},{"taxonomy":"post_tag","embeddable":true,"href":"http:\/\/www.inambiente.it\/index.php\/wp-json\/wp\/v2\/tags?post=108"}],"curies":[{"name":"wp","href":"https:\/\/api.w.org\/{rel}","templated":true}]}}